{"id":8060,"date":"2026-04-28T17:31:34","date_gmt":"2026-04-28T21:31:34","guid":{"rendered":"https:\/\/www.fan-bo.org\/?p=8060"},"modified":"2026-04-28T17:39:32","modified_gmt":"2026-04-28T21:39:32","slug":"ref-301-2026-produccion-audiovisual","status":"publish","type":"post","link":"https:\/\/www.fan-bo.org\/index.php\/2026\/04\/28\/ref-301-2026-produccion-audiovisual\/","title":{"rendered":"Ref: 301\/2026 &#8211; Producci\u00f3n audiovisual"},"content":{"rendered":"\t\t<div data-elementor-type=\"wp-post\" data-elementor-id=\"8060\" class=\"elementor elementor-8060\" data-elementor-post-type=\"post\">\n\t\t\t\t<div class=\"elementor-element elementor-element-59f85019 e-flex e-con-boxed e-con e-parent\" data-id=\"59f85019\" data-element_type=\"container\" data-e-type=\"container\" data-settings=\"{&quot;ekit_has_onepagescroll_dot&quot;:&quot;yes&quot;}\">\n\t\t\t\t\t<div class=\"e-con-inner\">\n\t\t\t\t<div class=\"elementor-element elementor-element-25a26c3a elementor-widget elementor-widget-text-editor\" data-id=\"25a26c3a\" data-element_type=\"widget\" data-e-type=\"widget\" data-settings=\"{&quot;ekit_we_effect_on&quot;:&quot;none&quot;}\" data-widget_type=\"text-editor.default\">\n\t\t\t\t<div class=\"elementor-widget-container\">\n\t\t\t\t\t\t\t\t\t<p><strong>Consultor\u00edas &#8211; T\u00e9rminos de Referencia (TDR):<\/strong><\/p><table class=\"t1\" style=\"height: 168px;\" width=\"541\" cellspacing=\"0\" cellpadding=\"0\"><tbody><tr><td class=\"td1\" valign=\"top\"><p class=\"p2\">\u00a0 \u00a0 \u00a0 1.\u00a0 <a href=\"https:\/\/www.fan-bo.org\/wp-content\/uploads\/2026\/04\/TDR-Audiovisual-institucional.pdf\" target=\"_blank\" rel=\"noopener\">Ref: 301\/2026 &#8211; Producci\u00f3n audiovisual\u00a0<\/a><\/p><p><a href=\"https:\/\/www.fan-bo.org\/wp-content\/uploads\/2026\/04\/TDR-Audiovisual-institucional.pdf\" target=\"_blank\" rel=\"noopener\"><img decoding=\"async\" class=\"alignleft wp-image-6699\" src=\"https:\/\/www.fan-bo.org\/wp-content\/uploads\/2024\/11\/pdf-icon6-242x300.png\" alt=\"\" width=\"74\" height=\"91\" srcset=\"https:\/\/www.fan-bo.org\/wp-content\/uploads\/2024\/11\/pdf-icon6-242x300.png 242w, https:\/\/www.fan-bo.org\/wp-content\/uploads\/2024\/11\/pdf-icon6-825x1024.png 825w, https:\/\/www.fan-bo.org\/wp-content\/uploads\/2024\/11\/pdf-icon6-768x953.png 768w, https:\/\/www.fan-bo.org\/wp-content\/uploads\/2024\/11\/pdf-icon6-1238x1536.png 1238w, https:\/\/www.fan-bo.org\/wp-content\/uploads\/2024\/11\/pdf-icon6-300x372.png 300w, https:\/\/www.fan-bo.org\/wp-content\/uploads\/2024\/11\/pdf-icon6-600x744.png 600w, https:\/\/www.fan-bo.org\/wp-content\/uploads\/2024\/11\/pdf-icon6.png 1280w\" sizes=\"(max-width: 74px) 100vw, 74px\" \/><\/a><\/p><p>Fecha de Publicaci\u00f3n:\u00a0 \u00a028\/04\/2026<br \/>Fecha de Presentaci\u00f3n: <strong>06\/05\/2026<\/strong><\/p><\/td><\/tr><\/tbody><\/table><h2 style=\"text-align: center;\"><strong>Servicio disponible\u00a0 <\/strong><\/h2><h2 style=\"text-align: center;\"><strong>301\/2026: Producci\u00f3n audiovisual\u00a0\u00a0 <\/strong><\/h2><p>\u00a0<\/p><p><strong>Tipo de contrato: <\/strong>Servicio<\/p><p><strong>Plazo:<\/strong> 2 meses<\/p><p><strong>Disponibilidad:<\/strong> inmediata<\/p><p><strong>Base del servicio:<\/strong> oficina del (de la) empresa y\/o consultor(a)\u00a0<\/p><p>\u00a0<\/p><p>La Fundaci\u00f3n Amigos de la Naturaleza (FAN) es una organizaci\u00f3n de la sociedad civil, sin fines de lucro, con m\u00e1s de tres d\u00e9cadas de trayectoria institucional comprometida con la conservaci\u00f3n del patrimonio natural de Bolivia. Su quehacer combina la investigaci\u00f3n y el conocimiento con soluciones pr\u00e1cticas e innovadoras para la conservaci\u00f3n de los ecosistemas, la producci\u00f3n sostenible, la acci\u00f3n clim\u00e1tica y el desarrollo de comunidades resilientes.<\/p><p>En el marco del Plan Estrat\u00e9gico Institucional (2021\u20132026), y con el apoyo de aliados estrat\u00e9gicos, la Fundaci\u00f3n busca fortalecer la visibilidad de su trabajo institucional, comunicar resultados y posicionar su aporte t\u00e9cnico y social en el desarrollo sostenible del pa\u00eds. En este contexto, se requiere la producci\u00f3n de un audiovisual institucional de alta calidad que refleje la trayectoria, impacto y visi\u00f3n de futuro de la organizaci\u00f3n, dirigido a audiencias locales, nacionales e internacionales.<\/p><h3>Objetivo de la consultor\u00eda<\/h3><p>Realizar la conceptualizaci\u00f3n, producci\u00f3n, edici\u00f3n y difusi\u00f3n de un audiovisual institucional que visibilice la experiencia y quehacer de la Fundaci\u00f3n Amigos de la Naturaleza<strong>, <\/strong>destacando su contribuci\u00f3n al desarrollo sostenible de Bolivia a trav\u00e9s de sus cuatro programas institucionales:<\/p><ul><li>Bosques y biodiversidad<\/li><li>Cadenas de valor<\/li><li>Cambio clim\u00e1tico<\/li><li>Comunidades y ciudades resilientes<\/li><\/ul><p>El audiovisual deber\u00e1 contar con una narrativa clara, emotiva e institucional, y estar dise\u00f1ado para su difusi\u00f3n en plataformas digitales y redes sociales, cumpliendo est\u00e1ndares t\u00e9cnicos y est\u00e9ticos de producci\u00f3n profesional.<\/p><h3>Productos y resultados esperados<\/h3><p>El servicio deber\u00e1 contemplar el desarrollo integral del proceso audiovisual, desde la conceptualizaci\u00f3n hasta su entrega final y difusi\u00f3n.<\/p><h3>Producto 1. Conceptualizaci\u00f3n y guion audiovisual<\/h3><ol><li>Reuni\u00f3n de coordinaci\u00f3n con el equipo de comunicaci\u00f3n de FAN para definir:<ul><li>enfoque narrativo o \u00a0\u00a0\u00a0 mensaje central\u00a0 o \u00a0\u00a0\u00a0\u00a0\u00a0\u00a0 p\u00fablico objetivo\u00a0<\/li><li>estilo visual y tono comunicacional<\/li><\/ul><\/li><li>Propuesta conceptual del audiovisual (idea creativa y narrativa).<\/li><li>Elaboraci\u00f3n del guion literario y guion t\u00e9cnico del audiovisual institucional.<\/li><li>Presentaci\u00f3n de storyboard o escaleta narrativa.<\/li><li>Ajustes al guion en funci\u00f3n de observaciones del equipo t\u00e9cnico.<\/li><\/ol><h3>Producto 2. Producci\u00f3n audiovisual<\/h3><ol><li>Planificaci\u00f3n y coordinaci\u00f3n log\u00edstica de la producci\u00f3n.<\/li><li>Grabaci\u00f3n de im\u00e1genes en campo y\/o estudio (seg\u00fan requerimiento).<\/li><li>Registro audiovisual de testimonios institucionales, beneficiarios y\/o aliados estrat\u00e9gicos.<\/li><li>Captura de im\u00e1genes representativas del trabajo institucional en los cuatro programas.<\/li><li>Uso de recursos visuales complementarios (fotograf\u00eda, archivo institucional, tomas a\u00e9reas, gr\u00e1ficos, animaci\u00f3n, etc.).<\/li><\/ol><h3>Producto 3. Edici\u00f3n y postproducci\u00f3n<\/h3><ol><li>Edici\u00f3n profesional del material audiovisual.<\/li><li>Dise\u00f1o de narrativa visual din\u00e1mica y coherente con la identidad institucional.<\/li><li>Incorporaci\u00f3n de:<\/li><\/ol><p>o \u00a0\u00a0 m\u00fasica original o libre de derechos\u00a0 o \u00a0\u00a0 animaciones gr\u00e1ficas\u00a0 o subt\u00edtulos al ingl\u00e9s\u00a0 o \u00a0\u00a0 logotipos institucionales\u00a0 o \u00a0\u00a0 cr\u00e9ditos finales\u00a0<\/p><ol start=\"4\"><li>Correcci\u00f3n de color y mezcla de audio.<\/li><li>Ajustes finales en funci\u00f3n de observaciones del equipo t\u00e9cnico.<\/li><\/ol><h3>Producto 4. Entrega final y difusi\u00f3n<\/h3><ol><li>Video institucional principal en formato horizontal. <strong>Duraci\u00f3n referencial: <\/strong>Entre <strong>3 y 5 minutos Formatos de entrega:<\/strong><\/li><\/ol><ul><li>Formato Full HD (1920 x 1080)<\/li><li>Formato optimizado para plataformas digitales<\/li><li>Versiones adaptadas para redes sociales (Facebook, Instagram, TikTok y LinkedIn)<\/li><li>Archivo editable del proyecto<\/li><\/ul><ol start=\"2\"><li>Versi\u00f3n corta del audiovisual.<\/li><\/ol><h3>Duraci\u00f3n referencial: 30 a 60 segundos<\/h3><ol start=\"3\"><li>Propuesta b\u00e1sica de estrategia de difusi\u00f3n digital, que incluya:<\/li><\/ol><ul><li>recomendaciones de publicaci\u00f3n<\/li><li>formatos sugeridos<\/li><li>uso en redes sociales y eventos institucionales<\/li><\/ul><h3>Perfil de la empresa\/consultor<\/h3><p>El consultor o la empresa consultora deber\u00e1 cumplir con los siguientes requisitos:<\/p><ul><li>Empresa legalmente constituida (NIT, Registro de comercio)<\/li><li>Experiencia m\u00ednima de 5 a\u00f1os en producci\u00f3n de documentales o material audiovisual de alta calidad: animaci\u00f3n, locuci\u00f3n, gr\u00e1ficos animados.<\/li><li>Experiencia en marketing para el desarrollo social con conocimiento territorial en tierras bajas y altas de Bolivia.<\/li><li>Experiencia en construcci\u00f3n de discurso narrativo marca pa\u00eds, identidad, sostenibilidad y activaci\u00f3n de ecosistemas locales.<\/li><li>Musicalizaci\u00f3n original o de cat\u00e1logo.<\/li><li>Experiencia comprobada en guionizaci\u00f3n.<\/li><li>Experiencia de rodaje con tem\u00e1tica ambiental.<\/li><li>Contar con equipos profesionales de alta resoluci\u00f3n full HD.<\/li><li>Experiencia en producci\u00f3n y post producci\u00f3n audiovisual.<\/li><\/ul><p><strong>Plazo de la consultor\u00eda: <\/strong><\/p><p>El servicio tendr\u00e1 una duraci\u00f3n de:<\/p><p>Hasta 2 meses calendario, computables a partir de la firma del contrato.<\/p><h3>Metodolog\u00eda de trabajo<\/h3><p>El servicio se desarrollar\u00e1 en coordinaci\u00f3n directa con la Direcci\u00f3n de Comunicaci\u00f3n de la Fundaci\u00f3n Amigos de la Naturaleza.<\/p><p>El o la consultora deber\u00e1:<\/p><ul><li>Mantener comunicaci\u00f3n permanente con el equipo t\u00e9cnico.<\/li><li>Presentar avances peri\u00f3dicos del proceso de producci\u00f3n.<\/li><li>Incorporar observaciones y validaciones institucionales.<\/li><li>Garantizar est\u00e1ndares t\u00e9cnicos y narrativos de calidad profesional.<\/li><\/ul><p>Las actividades podr\u00e1n desarrollarse mediante:<\/p><ul><li>reuniones virtuales<\/li><li>trabajo de campo<\/li><li>coordinaci\u00f3n presencial cuando sea necesario<\/li><\/ul><h3>Condiciones de la consultor\u00eda<\/h3><p>\u00a0<\/p><p>La Fundaci\u00f3n Amigos de la Naturaleza ofrece un entorno innovador, din\u00e1mico, inspirador, en el marco del respeto y colaboraci\u00f3n, con oportunidad de aprendizaje y desarrollo de capacidades. El servicio de consultor\u00eda est\u00e1 abierto a cualquier persona, independientemente de su g\u00e9nero, edad, discapacidad, orientaci\u00f3n sexual, religi\u00f3n o creencias, origen \u00e9tnico o nacionalidad.\u00a0\u00a0<\/p><p><strong>\u00a0<\/strong><\/p><h3>Presentaci\u00f3n de propuestas<\/h3><p>El\/la oferente deber\u00e1 enviar una carta de presentaci\u00f3n, CV no documentado y una propuesta t\u00e9cnica y econ\u00f3mica (debe incluir metodolog\u00eda, actividades propuestas y cronograma de manera resumida).\u00a0<\/p><p>\u00a0<\/p><p>El monto ofertado en bolivianos debe incluir los impuestos de ley.\u00a0<\/p><p>\u00a0<\/p><p>Las postulaciones se recibir\u00e1n hasta el 6 de mayo del 2026 a la direcci\u00f3n de correo:\u00a0<\/p><p>contrataciones@fan-bo.org; con el siguiente asunto: Asunto: <strong><em>301\/2026: Producci\u00f3n audiovisual. <\/em><\/strong>Las propuestas entregadas fuera de la hora establecida no ser\u00e1n consideradas y solo se contactar\u00e1n a los oferentes que precalifiquen. Se valorar\u00e1 seg\u00fan el siguiente porcentaje:\u00a0\u00a0\u00a0<\/p><p>\u00a0<\/p><ul><li><strong>30%<\/strong> calidad de la propuesta t\u00e9cnica.<\/li><li><strong>40%<\/strong> experiencia del consultor y\/o empresa.<\/li><li><strong>30%<\/strong> propuesta econ\u00f3mica.<\/li><\/ul><p>\u00a0<\/p>\t\t\t\t\t\t\t\t<\/div>\n\t\t\t\t<\/div>\n\t\t\t\t\t<\/div>\n\t\t\t\t<\/div>\n\t\t\t\t<\/div>\n\t\t","protected":false},"excerpt":{"rendered":"<p>Consultor\u00edas &#8211; T\u00e9rminos de Referencia (TDR): \u00a0 \u00a0 \u00a0 1.\u00a0 Ref: 301\/2026 &#8211; Producci\u00f3n audiovisual\u00a0 Fecha de Publicaci\u00f3n:\u00a0 \u00a028\/04\/2026Fecha de Presentaci\u00f3n: 06\/05\/2026 Servicio disponible\u00a0 301\/2026: Producci\u00f3n audiovisual\u00a0\u00a0 \u00a0 Tipo de contrato: Servicio Plazo: 2 meses Disponibilidad: inmediata Base del servicio: oficina del (de la) empresa y\/o consultor(a)\u00a0 \u00a0 La Fundaci\u00f3n Amigos de la Naturaleza (FAN)&#8230;<\/p>\n","protected":false},"author":1,"featured_media":8055,"comment_status":"closed","ping_status":"closed","sticky":false,"template":"","format":"standard","meta":{"_jetpack_memberships_contains_paid_content":false,"footnotes":""},"categories":[48,51],"tags":[],"class_list":["post-8060","post","type-post","status-publish","format-standard","has-post-thumbnail","hentry","category-consultorias","category-convocatorias"],"yoast_head":"<!-- This site is optimized with the Yoast SEO plugin v27.5 - https:\/\/yoast.com\/product\/yoast-seo-wordpress\/ -->\n<title>Ref: 301\/2026 - Producci\u00f3n audiovisual - FAN<\/title>\n<meta name=\"robots\" content=\"index, follow, max-snippet:-1, max-image-preview:large, max-video-preview:-1\" \/>\n<link rel=\"canonical\" href=\"https:\/\/www.fan-bo.org\/index.php\/2026\/04\/28\/ref-301-2026-produccion-audiovisual\/\" \/>\n<meta property=\"og:locale\" content=\"es_ES\" \/>\n<meta property=\"og:type\" content=\"article\" \/>\n<meta property=\"og:title\" content=\"Ref: 301\/2026 - Producci\u00f3n audiovisual - FAN\" \/>\n<meta property=\"og:description\" content=\"Consultor\u00edas &#8211; T\u00e9rminos de Referencia (TDR): \u00a0 \u00a0 \u00a0 1.\u00a0 Ref: 301\/2026 &#8211; Producci\u00f3n audiovisual\u00a0 Fecha de Publicaci\u00f3n:\u00a0 \u00a028\/04\/2026Fecha de Presentaci\u00f3n: 06\/05\/2026 Servicio disponible\u00a0 301\/2026: Producci\u00f3n audiovisual\u00a0\u00a0 \u00a0 Tipo de contrato: Servicio Plazo: 2 meses Disponibilidad: inmediata Base del servicio: oficina del (de la) empresa y\/o consultor(a)\u00a0 \u00a0 La Fundaci\u00f3n Amigos de la Naturaleza (FAN)...\" \/>\n<meta property=\"og:url\" content=\"https:\/\/www.fan-bo.org\/index.php\/2026\/04\/28\/ref-301-2026-produccion-audiovisual\/\" \/>\n<meta property=\"og:site_name\" content=\"FAN\" \/>\n<meta property=\"article:published_time\" content=\"2026-04-28T21:31:34+00:00\" \/>\n<meta property=\"article:modified_time\" content=\"2026-04-28T21:39:32+00:00\" \/>\n<meta property=\"og:image\" content=\"https:\/\/www.fan-bo.org\/wp-content\/uploads\/2026\/04\/Convocatoria-301-2026-1.png\" \/>\n\t<meta property=\"og:image:width\" content=\"1410\" \/>\n\t<meta property=\"og:image:height\" content=\"1182\" \/>\n\t<meta property=\"og:image:type\" content=\"image\/png\" \/>\n<meta name=\"author\" content=\"fadm\" \/>\n<meta name=\"twitter:card\" content=\"summary_large_image\" \/>\n<meta name=\"twitter:label1\" content=\"Escrito por\" \/>\n\t<meta name=\"twitter:data1\" content=\"fadm\" \/>\n\t<meta name=\"twitter:label2\" content=\"Tiempo de lectura\" \/>\n\t<meta name=\"twitter:data2\" content=\"5 minutos\" \/>\n<script type=\"application\/ld+json\" class=\"yoast-schema-graph\">{\"@context\":\"https:\\\/\\\/schema.org\",\"@graph\":[{\"@type\":\"Article\",\"@id\":\"https:\\\/\\\/www.fan-bo.org\\\/index.php\\\/2026\\\/04\\\/28\\\/ref-301-2026-produccion-audiovisual\\\/#article\",\"isPartOf\":{\"@id\":\"https:\\\/\\\/www.fan-bo.org\\\/index.php\\\/2026\\\/04\\\/28\\\/ref-301-2026-produccion-audiovisual\\\/\"},\"author\":{\"name\":\"fadm\",\"@id\":\"https:\\\/\\\/www.fan-bo.org\\\/#\\\/schema\\\/person\\\/d7341145be321c0d7f20bf70a8f109ac\"},\"headline\":\"Ref: 301\\\/2026 &#8211; Producci\u00f3n audiovisual\",\"datePublished\":\"2026-04-28T21:31:34+00:00\",\"dateModified\":\"2026-04-28T21:39:32+00:00\",\"mainEntityOfPage\":{\"@id\":\"https:\\\/\\\/www.fan-bo.org\\\/index.php\\\/2026\\\/04\\\/28\\\/ref-301-2026-produccion-audiovisual\\\/\"},\"wordCount\":1033,\"publisher\":{\"@id\":\"https:\\\/\\\/www.fan-bo.org\\\/#organization\"},\"image\":{\"@id\":\"https:\\\/\\\/www.fan-bo.org\\\/index.php\\\/2026\\\/04\\\/28\\\/ref-301-2026-produccion-audiovisual\\\/#primaryimage\"},\"thumbnailUrl\":\"https:\\\/\\\/www.fan-bo.org\\\/wp-content\\\/uploads\\\/2026\\\/04\\\/Convocatoria-301-2026-1.png\",\"articleSection\":[\"Consultor\u00edas\",\"Convocatorias\"],\"inLanguage\":\"es\"},{\"@type\":\"WebPage\",\"@id\":\"https:\\\/\\\/www.fan-bo.org\\\/index.php\\\/2026\\\/04\\\/28\\\/ref-301-2026-produccion-audiovisual\\\/\",\"url\":\"https:\\\/\\\/www.fan-bo.org\\\/index.php\\\/2026\\\/04\\\/28\\\/ref-301-2026-produccion-audiovisual\\\/\",\"name\":\"Ref: 301\\\/2026 - Producci\u00f3n audiovisual - FAN\",\"isPartOf\":{\"@id\":\"https:\\\/\\\/www.fan-bo.org\\\/#website\"},\"primaryImageOfPage\":{\"@id\":\"https:\\\/\\\/www.fan-bo.org\\\/index.php\\\/2026\\\/04\\\/28\\\/ref-301-2026-produccion-audiovisual\\\/#primaryimage\"},\"image\":{\"@id\":\"https:\\\/\\\/www.fan-bo.org\\\/index.php\\\/2026\\\/04\\\/28\\\/ref-301-2026-produccion-audiovisual\\\/#primaryimage\"},\"thumbnailUrl\":\"https:\\\/\\\/www.fan-bo.org\\\/wp-content\\\/uploads\\\/2026\\\/04\\\/Convocatoria-301-2026-1.png\",\"datePublished\":\"2026-04-28T21:31:34+00:00\",\"dateModified\":\"2026-04-28T21:39:32+00:00\",\"breadcrumb\":{\"@id\":\"https:\\\/\\\/www.fan-bo.org\\\/index.php\\\/2026\\\/04\\\/28\\\/ref-301-2026-produccion-audiovisual\\\/#breadcrumb\"},\"inLanguage\":\"es\",\"potentialAction\":[{\"@type\":\"ReadAction\",\"target\":[\"https:\\\/\\\/www.fan-bo.org\\\/index.php\\\/2026\\\/04\\\/28\\\/ref-301-2026-produccion-audiovisual\\\/\"]}]},{\"@type\":\"ImageObject\",\"inLanguage\":\"es\",\"@id\":\"https:\\\/\\\/www.fan-bo.org\\\/index.php\\\/2026\\\/04\\\/28\\\/ref-301-2026-produccion-audiovisual\\\/#primaryimage\",\"url\":\"https:\\\/\\\/www.fan-bo.org\\\/wp-content\\\/uploads\\\/2026\\\/04\\\/Convocatoria-301-2026-1.png\",\"contentUrl\":\"https:\\\/\\\/www.fan-bo.org\\\/wp-content\\\/uploads\\\/2026\\\/04\\\/Convocatoria-301-2026-1.png\",\"width\":1410,\"height\":1182},{\"@type\":\"BreadcrumbList\",\"@id\":\"https:\\\/\\\/www.fan-bo.org\\\/index.php\\\/2026\\\/04\\\/28\\\/ref-301-2026-produccion-audiovisual\\\/#breadcrumb\",\"itemListElement\":[{\"@type\":\"ListItem\",\"position\":1,\"name\":\"Portada\",\"item\":\"https:\\\/\\\/www.fan-bo.org\\\/\"},{\"@type\":\"ListItem\",\"position\":2,\"name\":\"Ref: 301\\\/2026 &#8211; Producci\u00f3n audiovisual\"}]},{\"@type\":\"WebSite\",\"@id\":\"https:\\\/\\\/www.fan-bo.org\\\/#website\",\"url\":\"https:\\\/\\\/www.fan-bo.org\\\/\",\"name\":\"FAN\",\"description\":\"Fundaci\u00f3n Amigos de la Naturaleza\",\"publisher\":{\"@id\":\"https:\\\/\\\/www.fan-bo.org\\\/#organization\"},\"potentialAction\":[{\"@type\":\"SearchAction\",\"target\":{\"@type\":\"EntryPoint\",\"urlTemplate\":\"https:\\\/\\\/www.fan-bo.org\\\/?s={search_term_string}\"},\"query-input\":{\"@type\":\"PropertyValueSpecification\",\"valueRequired\":true,\"valueName\":\"search_term_string\"}}],\"inLanguage\":\"es\"},{\"@type\":\"Organization\",\"@id\":\"https:\\\/\\\/www.fan-bo.org\\\/#organization\",\"name\":\"FAN\",\"url\":\"https:\\\/\\\/www.fan-bo.org\\\/\",\"logo\":{\"@type\":\"ImageObject\",\"inLanguage\":\"es\",\"@id\":\"https:\\\/\\\/www.fan-bo.org\\\/#\\\/schema\\\/logo\\\/image\\\/\",\"url\":\"https:\\\/\\\/www.fan-bo.org\\\/wp-content\\\/uploads\\\/2023\\\/10\\\/LOGO-FAN-COMPLETO-sin-borde-1.svg\",\"contentUrl\":\"https:\\\/\\\/www.fan-bo.org\\\/wp-content\\\/uploads\\\/2023\\\/10\\\/LOGO-FAN-COMPLETO-sin-borde-1.svg\",\"width\":692,\"height\":418,\"caption\":\"FAN\"},\"image\":{\"@id\":\"https:\\\/\\\/www.fan-bo.org\\\/#\\\/schema\\\/logo\\\/image\\\/\"}},{\"@type\":\"Person\",\"@id\":\"https:\\\/\\\/www.fan-bo.org\\\/#\\\/schema\\\/person\\\/d7341145be321c0d7f20bf70a8f109ac\",\"name\":\"fadm\",\"image\":{\"@type\":\"ImageObject\",\"inLanguage\":\"es\",\"@id\":\"https:\\\/\\\/secure.gravatar.com\\\/avatar\\\/6712d9484aed6b514a47d18bcde9f685b6359ffd506536bb6008f47f6bc33fe9?s=96&d=mm&r=g\",\"url\":\"https:\\\/\\\/secure.gravatar.com\\\/avatar\\\/6712d9484aed6b514a47d18bcde9f685b6359ffd506536bb6008f47f6bc33fe9?s=96&d=mm&r=g\",\"contentUrl\":\"https:\\\/\\\/secure.gravatar.com\\\/avatar\\\/6712d9484aed6b514a47d18bcde9f685b6359ffd506536bb6008f47f6bc33fe9?s=96&d=mm&r=g\",\"caption\":\"fadm\"},\"sameAs\":[\"https:\\\/\\\/www.fan-bo.org\"],\"url\":\"https:\\\/\\\/www.fan-bo.org\\\/index.php\\\/author\\\/fadm\\\/\"}]}<\/script>\n<!-- \/ Yoast SEO plugin. -->","yoast_head_json":{"title":"Ref: 301\/2026 - Producci\u00f3n audiovisual - FAN","robots":{"index":"index","follow":"follow","max-snippet":"max-snippet:-1","max-image-preview":"max-image-preview:large","max-video-preview":"max-video-preview:-1"},"canonical":"https:\/\/www.fan-bo.org\/index.php\/2026\/04\/28\/ref-301-2026-produccion-audiovisual\/","og_locale":"es_ES","og_type":"article","og_title":"Ref: 301\/2026 - Producci\u00f3n audiovisual - FAN","og_description":"Consultor\u00edas &#8211; T\u00e9rminos de Referencia (TDR): \u00a0 \u00a0 \u00a0 1.\u00a0 Ref: 301\/2026 &#8211; Producci\u00f3n audiovisual\u00a0 Fecha de Publicaci\u00f3n:\u00a0 \u00a028\/04\/2026Fecha de Presentaci\u00f3n: 06\/05\/2026 Servicio disponible\u00a0 301\/2026: Producci\u00f3n audiovisual\u00a0\u00a0 \u00a0 Tipo de contrato: Servicio Plazo: 2 meses Disponibilidad: inmediata Base del servicio: oficina del (de la) empresa y\/o consultor(a)\u00a0 \u00a0 La Fundaci\u00f3n Amigos de la Naturaleza (FAN)...","og_url":"https:\/\/www.fan-bo.org\/index.php\/2026\/04\/28\/ref-301-2026-produccion-audiovisual\/","og_site_name":"FAN","article_published_time":"2026-04-28T21:31:34+00:00","article_modified_time":"2026-04-28T21:39:32+00:00","og_image":[{"width":1410,"height":1182,"url":"https:\/\/www.fan-bo.org\/wp-content\/uploads\/2026\/04\/Convocatoria-301-2026-1.png","type":"image\/png"}],"author":"fadm","twitter_card":"summary_large_image","twitter_misc":{"Escrito por":"fadm","Tiempo de lectura":"5 minutos"},"schema":{"@context":"https:\/\/schema.org","@graph":[{"@type":"Article","@id":"https:\/\/www.fan-bo.org\/index.php\/2026\/04\/28\/ref-301-2026-produccion-audiovisual\/#article","isPartOf":{"@id":"https:\/\/www.fan-bo.org\/index.php\/2026\/04\/28\/ref-301-2026-produccion-audiovisual\/"},"author":{"name":"fadm","@id":"https:\/\/www.fan-bo.org\/#\/schema\/person\/d7341145be321c0d7f20bf70a8f109ac"},"headline":"Ref: 301\/2026 &#8211; Producci\u00f3n audiovisual","datePublished":"2026-04-28T21:31:34+00:00","dateModified":"2026-04-28T21:39:32+00:00","mainEntityOfPage":{"@id":"https:\/\/www.fan-bo.org\/index.php\/2026\/04\/28\/ref-301-2026-produccion-audiovisual\/"},"wordCount":1033,"publisher":{"@id":"https:\/\/www.fan-bo.org\/#organization"},"image":{"@id":"https:\/\/www.fan-bo.org\/index.php\/2026\/04\/28\/ref-301-2026-produccion-audiovisual\/#primaryimage"},"thumbnailUrl":"https:\/\/www.fan-bo.org\/wp-content\/uploads\/2026\/04\/Convocatoria-301-2026-1.png","articleSection":["Consultor\u00edas","Convocatorias"],"inLanguage":"es"},{"@type":"WebPage","@id":"https:\/\/www.fan-bo.org\/index.php\/2026\/04\/28\/ref-301-2026-produccion-audiovisual\/","url":"https:\/\/www.fan-bo.org\/index.php\/2026\/04\/28\/ref-301-2026-produccion-audiovisual\/","name":"Ref: 301\/2026 - Producci\u00f3n audiovisual - FAN","isPartOf":{"@id":"https:\/\/www.fan-bo.org\/#website"},"primaryImageOfPage":{"@id":"https:\/\/www.fan-bo.org\/index.php\/2026\/04\/28\/ref-301-2026-produccion-audiovisual\/#primaryimage"},"image":{"@id":"https:\/\/www.fan-bo.org\/index.php\/2026\/04\/28\/ref-301-2026-produccion-audiovisual\/#primaryimage"},"thumbnailUrl":"https:\/\/www.fan-bo.org\/wp-content\/uploads\/2026\/04\/Convocatoria-301-2026-1.png","datePublished":"2026-04-28T21:31:34+00:00","dateModified":"2026-04-28T21:39:32+00:00","breadcrumb":{"@id":"https:\/\/www.fan-bo.org\/index.php\/2026\/04\/28\/ref-301-2026-produccion-audiovisual\/#breadcrumb"},"inLanguage":"es","potentialAction":[{"@type":"ReadAction","target":["https:\/\/www.fan-bo.org\/index.php\/2026\/04\/28\/ref-301-2026-produccion-audiovisual\/"]}]},{"@type":"ImageObject","inLanguage":"es","@id":"https:\/\/www.fan-bo.org\/index.php\/2026\/04\/28\/ref-301-2026-produccion-audiovisual\/#primaryimage","url":"https:\/\/www.fan-bo.org\/wp-content\/uploads\/2026\/04\/Convocatoria-301-2026-1.png","contentUrl":"https:\/\/www.fan-bo.org\/wp-content\/uploads\/2026\/04\/Convocatoria-301-2026-1.png","width":1410,"height":1182},{"@type":"BreadcrumbList","@id":"https:\/\/www.fan-bo.org\/index.php\/2026\/04\/28\/ref-301-2026-produccion-audiovisual\/#breadcrumb","itemListElement":[{"@type":"ListItem","position":1,"name":"Portada","item":"https:\/\/www.fan-bo.org\/"},{"@type":"ListItem","position":2,"name":"Ref: 301\/2026 &#8211; Producci\u00f3n audiovisual"}]},{"@type":"WebSite","@id":"https:\/\/www.fan-bo.org\/#website","url":"https:\/\/www.fan-bo.org\/","name":"FAN","description":"Fundaci\u00f3n Amigos de la Naturaleza","publisher":{"@id":"https:\/\/www.fan-bo.org\/#organization"},"potentialAction":[{"@type":"SearchAction","target":{"@type":"EntryPoint","urlTemplate":"https:\/\/www.fan-bo.org\/?s={search_term_string}"},"query-input":{"@type":"PropertyValueSpecification","valueRequired":true,"valueName":"search_term_string"}}],"inLanguage":"es"},{"@type":"Organization","@id":"https:\/\/www.fan-bo.org\/#organization","name":"FAN","url":"https:\/\/www.fan-bo.org\/","logo":{"@type":"ImageObject","inLanguage":"es","@id":"https:\/\/www.fan-bo.org\/#\/schema\/logo\/image\/","url":"https:\/\/www.fan-bo.org\/wp-content\/uploads\/2023\/10\/LOGO-FAN-COMPLETO-sin-borde-1.svg","contentUrl":"https:\/\/www.fan-bo.org\/wp-content\/uploads\/2023\/10\/LOGO-FAN-COMPLETO-sin-borde-1.svg","width":692,"height":418,"caption":"FAN"},"image":{"@id":"https:\/\/www.fan-bo.org\/#\/schema\/logo\/image\/"}},{"@type":"Person","@id":"https:\/\/www.fan-bo.org\/#\/schema\/person\/d7341145be321c0d7f20bf70a8f109ac","name":"fadm","image":{"@type":"ImageObject","inLanguage":"es","@id":"https:\/\/secure.gravatar.com\/avatar\/6712d9484aed6b514a47d18bcde9f685b6359ffd506536bb6008f47f6bc33fe9?s=96&d=mm&r=g","url":"https:\/\/secure.gravatar.com\/avatar\/6712d9484aed6b514a47d18bcde9f685b6359ffd506536bb6008f47f6bc33fe9?s=96&d=mm&r=g","contentUrl":"https:\/\/secure.gravatar.com\/avatar\/6712d9484aed6b514a47d18bcde9f685b6359ffd506536bb6008f47f6bc33fe9?s=96&d=mm&r=g","caption":"fadm"},"sameAs":["https:\/\/www.fan-bo.org"],"url":"https:\/\/www.fan-bo.org\/index.php\/author\/fadm\/"}]}},"jetpack_featured_media_url":"https:\/\/www.fan-bo.org\/wp-content\/uploads\/2026\/04\/Convocatoria-301-2026-1.png","jetpack_sharing_enabled":true,"_links":{"self":[{"href":"https:\/\/www.fan-bo.org\/index.php\/wp-json\/wp\/v2\/posts\/8060","targetHints":{"allow":["GET"]}}],"collection":[{"href":"https:\/\/www.fan-bo.org\/index.php\/wp-json\/wp\/v2\/posts"}],"about":[{"href":"https:\/\/www.fan-bo.org\/index.php\/wp-json\/wp\/v2\/types\/post"}],"author":[{"embeddable":true,"href":"https:\/\/www.fan-bo.org\/index.php\/wp-json\/wp\/v2\/users\/1"}],"replies":[{"embeddable":true,"href":"https:\/\/www.fan-bo.org\/index.php\/wp-json\/wp\/v2\/comments?post=8060"}],"version-history":[{"count":10,"href":"https:\/\/www.fan-bo.org\/index.php\/wp-json\/wp\/v2\/posts\/8060\/revisions"}],"predecessor-version":[{"id":8074,"href":"https:\/\/www.fan-bo.org\/index.php\/wp-json\/wp\/v2\/posts\/8060\/revisions\/8074"}],"wp:featuredmedia":[{"embeddable":true,"href":"https:\/\/www.fan-bo.org\/index.php\/wp-json\/wp\/v2\/media\/8055"}],"wp:attachment":[{"href":"https:\/\/www.fan-bo.org\/index.php\/wp-json\/wp\/v2\/media?parent=8060"}],"wp:term":[{"taxonomy":"category","embeddable":true,"href":"https:\/\/www.fan-bo.org\/index.php\/wp-json\/wp\/v2\/categories?post=8060"},{"taxonomy":"post_tag","embeddable":true,"href":"https:\/\/www.fan-bo.org\/index.php\/wp-json\/wp\/v2\/tags?post=8060"}],"curies":[{"name":"wp","href":"https:\/\/api.w.org\/{rel}","templated":true}]}}