{"id":7883,"date":"2026-01-27T16:26:34","date_gmt":"2026-01-27T20:26:34","guid":{"rendered":"https:\/\/www.fan-bo.org\/?p=7883"},"modified":"2026-01-27T16:46:18","modified_gmt":"2026-01-27T20:46:18","slug":"ref-201-2026-equipos-de-proteccion-personal-y-herramientas-para-combate-de-incendios-forestales","status":"publish","type":"post","link":"https:\/\/www.fan-bo.org\/index.php\/2026\/01\/27\/ref-201-2026-equipos-de-proteccion-personal-y-herramientas-para-combate-de-incendios-forestales\/","title":{"rendered":"Ref: 201 y 202 \/2026 Equipos, Herramientas y Kit de Ataque R\u00e1pido para Incendios Forestales"},"content":{"rendered":"\t\t<div data-elementor-type=\"wp-post\" data-elementor-id=\"7883\" class=\"elementor elementor-7883\" data-elementor-post-type=\"post\">\n\t\t\t\t\t\t<section class=\"elementor-section elementor-top-section elementor-element elementor-element-292a4aa5 elementor-section-full_width elementor-section-height-default elementor-section-height-default\" data-id=\"292a4aa5\" data-element_type=\"section\" data-e-type=\"section\" data-settings=\"{&quot;background_background&quot;:&quot;classic&quot;,&quot;ekit_has_onepagescroll_dot&quot;:&quot;yes&quot;}\">\n\t\t\t\t\t\t\t<div class=\"elementor-background-overlay\"><\/div>\n\t\t\t\t\t\t\t<div class=\"elementor-container elementor-column-gap-no\">\n\t\t\t\t\t<div class=\"elementor-column elementor-col-100 elementor-top-column elementor-element elementor-element-68a54f91\" data-id=\"68a54f91\" data-element_type=\"column\" data-e-type=\"column\">\n\t\t\t<div class=\"elementor-widget-wrap elementor-element-populated\">\n\t\t\t\t\t\t<div class=\"elementor-element elementor-element-453810d6 elementor-widget elementor-widget-spacer\" data-id=\"453810d6\" data-element_type=\"widget\" data-e-type=\"widget\" data-settings=\"{&quot;ekit_we_effect_on&quot;:&quot;none&quot;}\" data-widget_type=\"spacer.default\">\n\t\t\t\t<div class=\"elementor-widget-container\">\n\t\t\t\t\t\t\t<div class=\"elementor-spacer\">\n\t\t\t<div class=\"elementor-spacer-inner\"><\/div>\n\t\t<\/div>\n\t\t\t\t\t\t<\/div>\n\t\t\t\t<\/div>\n\t\t\t\t\t<\/div>\n\t\t<\/div>\n\t\t\t\t\t<\/div>\n\t\t<\/section>\n\t\t\t\t<section class=\"elementor-section elementor-top-section elementor-element elementor-element-34c88462 elementor-section-boxed elementor-section-height-default elementor-section-height-default\" data-id=\"34c88462\" data-element_type=\"section\" data-e-type=\"section\" data-settings=\"{&quot;ekit_has_onepagescroll_dot&quot;:&quot;yes&quot;}\">\n\t\t\t\t\t\t<div class=\"elementor-container elementor-column-gap-default\">\n\t\t\t\t\t<div class=\"elementor-column elementor-col-50 elementor-top-column elementor-element elementor-element-451c9282\" data-id=\"451c9282\" data-element_type=\"column\" data-e-type=\"column\">\n\t\t\t<div class=\"elementor-widget-wrap elementor-element-populated\">\n\t\t\t\t\t\t<div class=\"elementor-element elementor-element-f32bb01 elementor-widget elementor-widget-theme-post-title elementor-page-title elementor-widget-heading\" data-id=\"f32bb01\" data-element_type=\"widget\" data-e-type=\"widget\" data-settings=\"{&quot;ekit_we_effect_on&quot;:&quot;none&quot;}\" data-widget_type=\"theme-post-title.default\">\n\t\t\t\t<div class=\"elementor-widget-container\">\n\t\t\t\t\t<h3 class=\"elementor-heading-title elementor-size-default\">Ref: 201 y 202 \/2026 Equipos, Herramientas y Kit de Ataque R\u00e1pido para Incendios Forestales<\/h3>\t\t\t\t<\/div>\n\t\t\t\t<\/div>\n\t\t\t\t<div class=\"elementor-element elementor-element-b6d796e elementor-align-left elementor-widget elementor-widget-post-info\" data-id=\"b6d796e\" data-element_type=\"widget\" data-e-type=\"widget\" data-settings=\"{&quot;ekit_we_effect_on&quot;:&quot;none&quot;}\" data-widget_type=\"post-info.default\">\n\t\t\t\t<div class=\"elementor-widget-container\">\n\t\t\t\t\t\t\t<ul class=\"elementor-inline-items elementor-icon-list-items elementor-post-info\">\r\n\t\t\t\t\t\t\t\t<li class=\"elementor-icon-list-item elementor-repeater-item-2c59e0b elementor-inline-item\" itemprop=\"datePublished\">\r\n\t\t\t\t\t\t<a href=\"https:\/\/www.fan-bo.org\/index.php\/2026\/01\/27\/\">\r\n\t\t\t\t\t\t\t\t\t\t\t<span class=\"elementor-icon-list-icon\">\r\n\t\t\t\t\t\t\t\t<i aria-hidden=\"true\" class=\"fas fa-calendar\"><\/i>\t\t\t\t\t\t\t<\/span>\r\n\t\t\t\t\t\t\t\t\t<span class=\"elementor-icon-list-text elementor-post-info__item elementor-post-info__item--type-date\">\r\n\t\t\t\t\t\t\t\t\t\t<time>enero 27, 2026<\/time>\t\t\t\t\t<\/span>\r\n\t\t\t\t\t\t\t\t\t<\/a>\r\n\t\t\t\t<\/li>\r\n\t\t\t\t<\/ul>\r\n\t\t\t\t\t\t<\/div>\n\t\t\t\t<\/div>\n\t\t\t\t<div class=\"elementor-element elementor-element-1a1f96d1 elementor-widget elementor-widget-theme-post-featured-image elementor-widget-image\" data-id=\"1a1f96d1\" data-element_type=\"widget\" data-e-type=\"widget\" data-settings=\"{&quot;ekit_we_effect_on&quot;:&quot;none&quot;}\" data-widget_type=\"theme-post-featured-image.default\">\n\t\t\t\t<div class=\"elementor-widget-container\">\n\t\t\t\t\t\t\t\t\t\t\t\t\t\t\t<img fetchpriority=\"high\" decoding=\"async\" width=\"768\" height=\"644\" src=\"https:\/\/www.fan-bo.org\/wp-content\/uploads\/2026\/01\/Convocatoria-201-202-768x644.jpg\" class=\"attachment-medium_large size-medium_large wp-image-7874\" alt=\"\" srcset=\"https:\/\/www.fan-bo.org\/wp-content\/uploads\/2026\/01\/Convocatoria-201-202-768x644.jpg 768w, https:\/\/www.fan-bo.org\/wp-content\/uploads\/2026\/01\/Convocatoria-201-202-300x252.jpg 300w, https:\/\/www.fan-bo.org\/wp-content\/uploads\/2026\/01\/Convocatoria-201-202-600x503.jpg 600w, https:\/\/www.fan-bo.org\/wp-content\/uploads\/2026\/01\/Convocatoria-201-202.jpg 800w\" sizes=\"(max-width: 768px) 100vw, 768px\" \/>\t\t\t\t\t\t\t\t\t\t\t\t\t\t\t<\/div>\n\t\t\t\t<\/div>\n\t\t\t\t<div class=\"elementor-element elementor-element-c7d3315 elementor-widget elementor-widget-spacer\" data-id=\"c7d3315\" data-element_type=\"widget\" data-e-type=\"widget\" data-settings=\"{&quot;ekit_we_effect_on&quot;:&quot;none&quot;}\" data-widget_type=\"spacer.default\">\n\t\t\t\t<div class=\"elementor-widget-container\">\n\t\t\t\t\t\t\t<div class=\"elementor-spacer\">\n\t\t\t<div class=\"elementor-spacer-inner\"><\/div>\n\t\t<\/div>\n\t\t\t\t\t\t<\/div>\n\t\t\t\t<\/div>\n\t\t\t\t<div class=\"elementor-element elementor-element-69cedf48 elementor-widget elementor-widget-spacer\" data-id=\"69cedf48\" data-element_type=\"widget\" data-e-type=\"widget\" data-settings=\"{&quot;ekit_we_effect_on&quot;:&quot;none&quot;}\" data-widget_type=\"spacer.default\">\n\t\t\t\t<div class=\"elementor-widget-container\">\n\t\t\t\t\t\t\t<div class=\"elementor-spacer\">\n\t\t\t<div class=\"elementor-spacer-inner\"><\/div>\n\t\t<\/div>\n\t\t\t\t\t\t<\/div>\n\t\t\t\t<\/div>\n\t\t\t\t<div class=\"elementor-element elementor-element-84751c6 elementor-widget elementor-widget-text-editor\" data-id=\"84751c6\" data-element_type=\"widget\" data-e-type=\"widget\" data-settings=\"{&quot;ekit_we_effect_on&quot;:&quot;none&quot;}\" data-widget_type=\"text-editor.default\">\n\t\t\t\t<div class=\"elementor-widget-container\">\n\t\t\t\t\t\t\t\t\t<p><strong>T\u00e9rminos de Referencia (TDR):<\/strong><\/p><table class=\"t1\" cellspacing=\"0\" cellpadding=\"0\"><tbody><tr><td class=\"td1\" valign=\"top\"><p class=\"p2\">1. <a href=\"https:\/\/www.fan-bo.org\/wp-content\/uploads\/2026\/01\/201-2026_EPP-y-Herramientas_UK-PACT.pdf\" target=\"_blank\" rel=\"noopener\">Ref: 201\/2026 Equipos de Protecci\u00f3n Personal y Herramientas para Combate de\u00a0 Incendios Forestales\u00a0<\/a><\/p><p><a href=\"https:\/\/www.fan-bo.org\/wp-content\/uploads\/2026\/01\/201-2026_EPP-y-Herramientas_UK-PACT.pdf\" target=\"_blank\" rel=\"noopener\"><img decoding=\"async\" class=\"alignleft wp-image-6699\" src=\"https:\/\/www.fan-bo.org\/wp-content\/uploads\/2024\/11\/pdf-icon6-242x300.png\" alt=\"\" width=\"74\" height=\"91\" srcset=\"https:\/\/www.fan-bo.org\/wp-content\/uploads\/2024\/11\/pdf-icon6-242x300.png 242w, https:\/\/www.fan-bo.org\/wp-content\/uploads\/2024\/11\/pdf-icon6-825x1024.png 825w, https:\/\/www.fan-bo.org\/wp-content\/uploads\/2024\/11\/pdf-icon6-768x953.png 768w, https:\/\/www.fan-bo.org\/wp-content\/uploads\/2024\/11\/pdf-icon6-1238x1536.png 1238w, https:\/\/www.fan-bo.org\/wp-content\/uploads\/2024\/11\/pdf-icon6-300x372.png 300w, https:\/\/www.fan-bo.org\/wp-content\/uploads\/2024\/11\/pdf-icon6-600x744.png 600w, https:\/\/www.fan-bo.org\/wp-content\/uploads\/2024\/11\/pdf-icon6.png 1280w\" sizes=\"(max-width: 74px) 100vw, 74px\" \/><\/a><\/p><p>Fecha de Publicaci\u00f3n:\u00a0 \u00a021\/01\/2026<br \/>Fecha de Presentaci\u00f3n: <strong>06\/02\/2026<\/strong><\/p><\/td><\/tr><\/tbody><\/table><table class=\"t1\" cellspacing=\"0\" cellpadding=\"0\"><tbody><tr><td class=\"td1\" valign=\"top\"><p class=\"p2\">2. <a href=\"https:\/\/www.fan-bo.org\/wp-content\/uploads\/2026\/01\/202-2026_KIT-ATAQUE-RAPIDO_.pdf\" target=\"_blank\" rel=\"noopener\">Ref: 202\/2026 Kit de Ataque R\u00e1pido para el Combate de Incendios Forestales<\/a><\/p><p class=\"p2\"><a href=\"https:\/\/www.fan-bo.org\/wp-content\/uploads\/2026\/01\/202-2026_KIT-ATAQUE-RAPIDO_.pdf\" target=\"_blank\" rel=\"noopener\"><img decoding=\"async\" class=\"alignleft wp-image-6699\" src=\"https:\/\/www.fan-bo.org\/wp-content\/uploads\/2024\/11\/pdf-icon6-242x300.png\" alt=\"\" width=\"74\" height=\"91\" srcset=\"https:\/\/www.fan-bo.org\/wp-content\/uploads\/2024\/11\/pdf-icon6-242x300.png 242w, https:\/\/www.fan-bo.org\/wp-content\/uploads\/2024\/11\/pdf-icon6-825x1024.png 825w, https:\/\/www.fan-bo.org\/wp-content\/uploads\/2024\/11\/pdf-icon6-768x953.png 768w, https:\/\/www.fan-bo.org\/wp-content\/uploads\/2024\/11\/pdf-icon6-1238x1536.png 1238w, https:\/\/www.fan-bo.org\/wp-content\/uploads\/2024\/11\/pdf-icon6-300x372.png 300w, https:\/\/www.fan-bo.org\/wp-content\/uploads\/2024\/11\/pdf-icon6-600x744.png 600w, https:\/\/www.fan-bo.org\/wp-content\/uploads\/2024\/11\/pdf-icon6.png 1280w\" sizes=\"(max-width: 74px) 100vw, 74px\" \/><\/a><\/p><p>Fecha de Publicaci\u00f3n:\u00a0 \u00a021\/01\/2026<br \/>Fecha de Presentaci\u00f3n: <strong>06\/02\/2026<\/strong><\/p><\/td><\/tr><\/tbody><\/table><h3>\u00a0<\/h3><h3>1. IDENTIFICACI\u00d3N DEL EQUIPO<\/h3><table width=\"582\"><tbody><tr><td width=\"156\"><p><strong>Nombre de la Solicitud:\u00a0 <\/strong><\/p><\/td><td width=\"426\"><p><strong>201\/2026<\/strong> EQUIPOS DE PROTECCI\u00d3N PERSONAL Y HERRAMIENTAS PARA COMBATE DE INCENDIOS FORESTALES<\/p><\/td><\/tr><tr><td width=\"156\"><p><strong>Direcci\u00f3n Funcional: <\/strong><\/p><\/td><td width=\"426\"><p>Direcci\u00f3n de Proyectos<\/p><p>\u00a0<\/p><\/td><\/tr><tr><td width=\"156\"><p><strong>Fecha:\u00a0 <\/strong><\/p><\/td><td width=\"426\"><p>21 de enero de 2026<\/p><p><em>\u00a0<\/em><\/p><\/td><\/tr><\/tbody><\/table><p><strong>\u00a0<\/strong><\/p><h3>2. ANTECEDENTES<\/h3><p><strong>\u00a0<\/strong><strong>\u00a0<\/strong><\/p><table width=\"557\"><tbody><tr><td width=\"56\"><p><strong><em>N\u00b0 de \u00cdtem <\/em><\/strong><\/p><\/td><td width=\"142\"><p><strong><em>Nombre de los bienes y servicios <\/em><\/strong><\/p><\/td><td width=\"359\"><p><strong><em>Especificaciones t\u00e9cnicas Pedido por FAN <\/em><\/strong><\/p><\/td><\/tr><tr><td width=\"56\"><p>1<\/p><\/td><td width=\"142\"><p>Camisa para<\/p><p>Bombero Forestal<\/p><p>(96 unidades)<\/p><\/td><td width=\"359\"><p>\u00a0<\/p><p>-Tela anti flama de color amarillo 100% algod\u00f3n, m\u00ednimo doble costura.<\/p><p>-Manga larga con scrash en los pu\u00f1os.<\/p><p>-Logos y cinta reflectiva 5 cm ignifuga, sujetos a pruebas de bordados para visto bueno sujetos a prueba de bordado para aprobaci\u00f3n y posterior confecci\u00f3n final\u00a0<\/p><\/td><\/tr><tr><td width=\"56\"><p>2<\/p><\/td><td width=\"142\"><p>Pantal\u00f3n para<\/p><p>Bombero Forestal<\/p><p>(96 unidades)<\/p><\/td><td width=\"359\"><p><strong>&#8211;<\/strong>Tela anti flama 100% algod\u00f3n.<\/p><p>&#8211; Logo en pierna, sujeto a prueba de bordados para visto bueno y posterior confecci\u00f3n final. -Cinta reflectiva 5cm ignifuga<\/p><\/td><\/tr><\/tbody><\/table><p>\u00a0<\/p><p>La Fundaci\u00f3n Amigos de la Naturaleza (FAN), es una organizaci\u00f3n de la sociedad civil comprometida con la conservaci\u00f3n de la naturaleza, que desarrolla, promueve, con sustento t\u00e9cnico cient\u00edfico, caminos innovadores de desarrollo integral y sostenible. La visi\u00f3n de FAN es lograr que la sociedad asuma la conservaci\u00f3n de la naturaleza como base fundamental para alcanzar un desarrollo integral y sostenible. En nuestra Teor\u00eda de Cambio queremos que Bolivia valore, proteja y conserve su patrimonio natural y las funciones ambientales que sustentan los medios de vida y bienestar de su poblaci\u00f3n para el desarrollo sostenible y la resiliencia clim\u00e1tica.<\/p><p>En el marco de la implementaci\u00f3n del proyecto Fortalecimiento y Gobernanza MIF financiado por UK PACT, FAN requiere realizar el proceso de cotizaci\u00f3n, evaluaci\u00f3n de propuestas y compra de Equipos de protecci\u00f3n personal y herramientas para el combate de incendios forestales en la Chiquitania.\u00a0<\/p><h3><strong>3. OBJETO: <\/strong><\/h3><p>Realizar la provisi\u00f3n de <strong>equipos y herramientas<\/strong> para el combate de incendios forestales, con las siguientes caracter\u00edsticas t\u00e9cnicas:\u00a0<\/p><p><strong>Datos t\u00e9cnicos: <\/strong><\/p><table width=\"557\"><tbody><tr><td width=\"56\"><p><strong><em>N\u00b0 de \u00cdtem <\/em><\/strong><\/p><\/td><td width=\"142\"><p><strong><em>Nombre de los bienes y servicios <\/em><\/strong><\/p><\/td><td width=\"359\"><p><strong><em>Especificaciones t\u00e9cnicas Pedido por FAN <\/em><\/strong><\/p><\/td><\/tr><tr><td width=\"56\"><p>\u00a0<\/p><\/td><td width=\"142\"><p>\u00a0<\/p><\/td><td width=\"359\"><p>-Color verde reforzado m\u00ednimo doble costura<\/p><\/td><\/tr><tr><td width=\"56\"><p>3<\/p><\/td><td width=\"142\"><p>Antiparras de seguridad y protecci\u00f3n (96 unidades)<\/p><\/td><td width=\"359\"><p>-Material policarbonato o pl\u00e1stico flexible,<\/p><p>-Visores acr\u00edlicos, Banda de ajuste regulable,<\/p><p>-Protecci\u00f3n anti humo<\/p><p>-Deseable con tratamiento de recubrimiento anti rayaduras<\/p><p>-Deseable 99% de protecci\u00f3n UV\u00a0<\/p><p>\u00a0<\/p><\/td><\/tr><tr><td width=\"56\"><p>4<\/p><\/td><td width=\"142\"><p>Guantes<\/p><p>Anat\u00f3micos para<\/p><p>Bombero Forestal<\/p><p>(96 unidades)<\/p><\/td><td width=\"359\"><p>-De cuero<\/p><p>-Con refuerzo en la palma, y dedos jalador de ajuste r\u00e1pido -Manga corta<\/p><\/td><\/tr><tr><td width=\"56\"><p>5<\/p><\/td><td width=\"142\"><p>Botas de combate (116 unidades)<\/p><\/td><td width=\"359\"><p>&#8211;\u00a0\u00a0\u00a0\u00a0\u00a0\u00a0\u00a0\u00a0\u00a0\u00a0\u00a0\u00a0\u00a0 Tipo militar<\/p><p>&#8211;\u00a0\u00a0\u00a0\u00a0\u00a0\u00a0\u00a0\u00a0\u00a0\u00a0\u00a0\u00a0\u00a0 Planta reforzada, con plantilla de m\u00ednimo 4 mm -Costuras reforzadas, m\u00ednimo 2 costuras en todas sus uniones -Color Kaki o caf\u00e9<\/p><\/td><\/tr><tr><td width=\"56\"><p>6<\/p><\/td><td width=\"142\"><p>Casco para bombero forestal (96 unidades)<\/p><\/td><td width=\"359\"><p>-Color amarillo tipo visera, con Norma ANSI Z.89.1<\/p><p>TIPO I o TIPO II<\/p><p>-4 puntos de sujetador para linterna frontal<\/p><p>-Con reflectivos de seguridad<\/p><p>-Logos y numeraci\u00f3n mediante stickers<\/p><p>-Protector de nuca tela ign\u00edfuga ala completa, m\u00e1s protector con filtro<\/p><\/td><\/tr><tr><td width=\"56\"><p>7<\/p><\/td><td width=\"142\"><p>Linternas frontales (48 unidades)<\/p><\/td><td width=\"359\"><p>-Linternas frontales m\u00ednimamente de 100 L\u00famenes<\/p><p>-Al menos 3 tipos de intensidad<\/p><p>-Alimentadas con bater\u00edas AAA<\/p><\/td><\/tr><tr><td width=\"56\"><p>8<\/p><\/td><td width=\"142\"><p>Bomba de mochila forestal tanque r\u00edgido (12 unidades)<\/p><\/td><td width=\"359\"><p>-Tanque r\u00edgido<\/p><p>&#8211;\u00a0\u00a0\u00a0\u00a0\u00a0\u00a0\u00a0\u00a0\u00a0\u00a0\u00a0\u00a0\u00a0 Manguera 1,75m (PVC)<\/p><p>&#8211;\u00a0\u00a0\u00a0\u00a0\u00a0\u00a0\u00a0\u00a0\u00a0\u00a0\u00a0\u00a0\u00a0 Boquilla de serie Boquilla c\u00f3nica regulable de lat\u00f3n, cromado con sistema hidroneta de doble efecto.<\/p><p>&#8211;\u00a0\u00a0\u00a0\u00a0\u00a0\u00a0\u00a0\u00a0\u00a0\u00a0\u00a0\u00a0\u00a0 Capacidad de al menos total 17 litros\u00a0<\/p><p>&#8211;\u00a0\u00a0\u00a0\u00a0\u00a0\u00a0\u00a0\u00a0\u00a0\u00a0\u00a0\u00a0\u00a0 Peso m\u00e1x. de 4 Kg<\/p><p>&#8211;\u00a0\u00a0\u00a0\u00a0\u00a0\u00a0\u00a0\u00a0\u00a0\u00a0\u00a0\u00a0\u00a0 Indicador de nivel Translucido<\/p><p>&#8211;\u00a0\u00a0\u00a0\u00a0\u00a0\u00a0\u00a0\u00a0\u00a0\u00a0\u00a0\u00a0\u00a0 Lanza y Alargadera Lanza\/Manguera<\/p><p>&#8211;\u00a0\u00a0\u00a0\u00a0\u00a0\u00a0\u00a0\u00a0\u00a0\u00a0\u00a0\u00a0\u00a0 Correas Acolchadas y regulables, con sujeci\u00f3n en la cintura<\/p><\/td><\/tr><tr><td width=\"56\"><p>9<\/p><\/td><td width=\"142\"><p>Gorguis multifunciones (12 unidades)<\/p><\/td><td width=\"359\"><p>-Material acero al boro<\/p><p>-Una sola herramienta con 4 funciones (raspa, cava, rastrilla y remueve). -Afiladas lista para usar<\/p><\/td><\/tr><tr><td width=\"56\"><p>10<\/p><\/td><td width=\"142\"><p>Machete forestal (60 unidades)<\/p><\/td><td width=\"359\"><p>-Acero al carbono con temple especial de 20 pulgadas\u00a0<\/p><p>-Con funda y lima de afilado incluida<\/p><p>-Afilados lista para usar<\/p><\/td><\/tr><\/tbody><\/table><h3>4. PERFIL DEL PROVEEDOR<\/h3><p>El Proveedor interesado debe cumplir con los siguientes requisitos m\u00ednimos:<\/p><ul><li>Ser una empresa constituida en el territorio nacional y cumplir con todos los requisitos legales vigentes (ya sea Unipersonal o Colectiva).<\/li><li>Tener al menos 3 a\u00f1os de experiencia en el rubro, realizando la provisi\u00f3n de este tipo de equipos a nivel local y\/o nacional<\/li><li>Contar con NIT, emitir Factura.<\/li><\/ul><p><strong><u>DATOS PARA LA PRESENTACI\u00d3N DE PROPUESTAS<\/u> <\/strong><\/p><p>Los oferentes podr\u00e1n presentarte al total de lotes o de manera parcializada acorde a sus posibilidades de alcance y disponibilidad. Debiendo presentar una Cotizaci\u00f3n o Proforma detallando las caracter\u00edsticas t\u00e9cnicas del equipo que poseen, el precio en bolivianos y forma de pago, la disponibilidad para su entrega, el periodo de garant\u00eda otorgado, y la descripci\u00f3n del perfil de su empresa descrito en el punto.<\/p><p>\u00a0<\/p><p>Las ofertas deben indicar en el asunto el n\u00famero de referencia y ser\u00e1n recepcionadas hasta el <strong>viernes 6 de febrero<\/strong> <strong>de 2026<\/strong> al <strong>correo <\/strong><u>contrataciones@fan-bo.org<\/u><\/p><p>\u00a0<\/p><h3>1. IDENTIFICACI\u00d3N DEL EQUIPO<\/h3><table width=\"582\"><tbody><tr><td width=\"156\"><p><strong>Nombre de la Solicitud: <\/strong><\/p><\/td><td width=\"426\"><p><strong>202\/2026<\/strong> KIT DE ATAQUE R\u00c1PIDO PARA EL COMBATE DE<\/p><p>INCENDIOS FORESTALES<\/p><\/td><\/tr><tr><td width=\"156\"><p><strong>Direcci\u00f3n Funcional: <\/strong><\/p><\/td><td width=\"426\"><p>Direcci\u00f3n de Proyectos<\/p><\/td><\/tr><tr><td width=\"156\"><p><strong>Fecha: <\/strong><\/p><\/td><td width=\"426\"><p>21 de enero de 2026<\/p><\/td><\/tr><\/tbody><\/table><h3>2. ANTECEDENTES<\/h3><p><strong>\u00a0<\/strong>La Fundaci\u00f3n Amigos de la Naturaleza (FAN), es una organizaci\u00f3n de la sociedad civil comprometida con la conservaci\u00f3n de la naturaleza, que desarrolla, promueve, con sustento t\u00e9cnico cient\u00edfico, caminos innovadores de desarrollo integral y sostenible. La visi\u00f3n de FAN es lograr que la sociedad asuma la conservaci\u00f3n de la naturaleza como base fundamental para alcanzar un desarrollo integral y sostenible. En nuestra Teor\u00eda de Cambio queremos que Bolivia valore, proteja y conserve su patrimonio natural y las funciones ambientales que sustentan los medios de vida y bienestar de su poblaci\u00f3n para el desarrollo sostenible y la resiliencia clim\u00e1tica.<\/p><p>En el marco de la implementaci\u00f3n del proyecto Fortalecimiento y Gobernanza MIF financiado por UK PACT, FAN requiere realizar el proceso de cotizaci\u00f3n, evaluaci\u00f3n de propuestas y compra de 2 kits de ataque r\u00e1pido para el combate de incendios forestales en la Chiquitania.<\/p><h3><strong>3. OBJETO:<\/strong><\/h3><p>Realizar la provisi\u00f3n de <strong>dos kits de ataque r\u00e1pido emplazado en veh\u00edculo, <\/strong>mismo que son apoyo a la gesti\u00f3n de emergencias por incendios forestales, con las siguientes caracter\u00edsticas t\u00e9cnicas:<\/p><p><strong>Datos t\u00e9cnicos: <\/strong><\/p><table width=\"557\"><tbody><tr><td width=\"56\"><p><strong><em>N\u00b0 de \u00cdtem <\/em><\/strong><\/p><\/td><td width=\"142\"><p><strong><em>Nombre de los bienes y servicios <\/em><\/strong><\/p><\/td><td width=\"359\"><p><strong><em>Especificaciones t\u00e9cnicas Pedido por FAN <\/em><\/strong><\/p><\/td><\/tr><tr><td width=\"56\"><p>1<\/p><\/td><td width=\"142\"><p>Kit de ataque r\u00e1pido emplazado en veh\u00edculo (2 unidades)<\/p><\/td><td width=\"359\"><p>-Plataforma semi fija con capacidad para albergar tanque de agua, sistema de motobomba, carrete.\u00a0<\/p><p>\u00a0<\/p><p>Tama\u00f1o: para ser montado en carrocer\u00eda de una camioneta est\u00e1ndar<\/p><p>\u00a0<\/p><p>-Capacidad volum\u00e9trica del tanque: Max .500 litros &#8211; Longitud de manguera: 30 metros. &#8211; Sistema de enrollado o recuperaci\u00f3n de manguera mediante acci\u00f3n manual<\/p><p>(carrete).<\/p><\/td><\/tr><\/tbody><\/table><p>\u00a0 \u00a0 \u00a0 \u00a0 \u00a0 \u00a0 \u00a0 \u00a0 \u00a0 \u00a0 \u00a0 \u00a0 \u00a0 \u00a0 \u00a0 \u00a0 \u00a0 \u00a0 \u00a0 \u00a0 \u00a0 \u00a0 \u00a0 \u00a0 \u00a0 \u00a0 \u00a0 \u00a0 \u00a0 \u00a0 \u00a0 \u00a0 \u00a0 \u00a0 \u00a0<\/p><table width=\"573\"><tbody><tr><td width=\"56\"><p><strong><em>N\u00b0 de \u00cdtem <\/em><\/strong><\/p><\/td><td width=\"142\"><p><strong><em>Nombre de los bienes y servicios <\/em><\/strong><\/p><\/td><td width=\"359\"><p><strong><em>Especificaciones t\u00e9cnicas Pedido por FAN <\/em><\/strong><\/p><\/td><td rowspan=\"2\" width=\"16\"><p>\u00a0<\/p><\/td><\/tr><tr><td width=\"56\"><p>\u00a0<\/p><\/td><td width=\"142\"><p>\u00a0<\/p><\/td><td width=\"359\"><p>&#8211;\u00a0\u00a0\u00a0\u00a0\u00a0\u00a0\u00a0\u00a0\u00a0\u00a0\u00a0 Manguera de principal de alta presi\u00f3n con pist\u00f3n regulador de chorro.<\/p><p>-Motobomba centr\u00edfuga de 4 tiempos, compacta y eficiente.<\/p><p>&#8211;\u00a0\u00a0\u00a0\u00a0\u00a0\u00a0\u00a0\u00a0\u00a0\u00a0\u00a0 Sistema de hidr\u00e1ulico montado y preparado para su uso y adaptable para auto abastecimiento de agua.<\/p><p>&#8211;\u00a0\u00a0\u00a0\u00a0\u00a0\u00a0\u00a0\u00a0\u00a0\u00a0\u00a0 Manguera de succi\u00f3n incluida<\/p><p>\u00a0<\/p><\/td><\/tr><\/tbody><\/table><p><strong>\u00a0<\/strong><strong>\u00a0<\/strong><\/p><h3>4. PERFIL DEL PROVEEDOR<\/h3><p><strong>\u00a0<\/strong>El Proveedor interesado debe cumplir con los siguientes requisitos m\u00ednimos:<\/p><ul><li>Ser una empresa constituida en el territorio nacional y cumplir con todos los requisitos legales vigentes (ya sea Unipersonal o Colectiva).<\/li><li>Tener al menos 3 a\u00f1os de experiencia en el rubro, realizando la provisi\u00f3n de este tipo de equipos a nivel local y\/o nacional<\/li><li>Contar con NIT, emitir Factura.<\/li><\/ul><p><strong><u>DATOS PARA LA PRESENTACI\u00d3N DE PROPUESTAS<\/u> <\/strong><\/p><p>Los oferentes podr\u00e1n presentar al total de lotes o de manera parcializada acorde a sus posibilidades de alcance y disponibilidad. Debiendo presentar una cotizaci\u00f3n o proforma detallando las caracter\u00edsticas t\u00e9cnicas del equipo que poseen, el precio en bolivianos y forma de pago, la disponibilidad para su entrega, el periodo de garant\u00eda otorgado, y la descripci\u00f3n del perfil de su empresa descrito en el punto.<\/p><p>Las ofertas deben indicar en el asunto el n\u00famero de referencia y ser\u00e1n recepcionadas hasta el <strong>viernes 6 de febrero de 2026 <\/strong>al <strong>correo <\/strong><u>contrataciones@fan-bo.org<\/u><\/p><p>\u00a0<\/p>\t\t\t\t\t\t\t\t<\/div>\n\t\t\t\t<\/div>\n\t\t\t\t\t<\/div>\n\t\t<\/div>\n\t\t\t\t<div class=\"elementor-column elementor-col-50 elementor-top-column elementor-element elementor-element-362adfec\" data-id=\"362adfec\" data-element_type=\"column\" data-e-type=\"column\">\n\t\t\t<div class=\"elementor-widget-wrap elementor-element-populated\">\n\t\t\t\t\t\t<section class=\"elementor-section elementor-inner-section elementor-element elementor-element-3ad1208d elementor-section-boxed elementor-section-height-default elementor-section-height-default\" data-id=\"3ad1208d\" data-element_type=\"section\" data-e-type=\"section\" data-settings=\"{&quot;background_background&quot;:&quot;classic&quot;,&quot;ekit_has_onepagescroll_dot&quot;:&quot;yes&quot;}\">\n\t\t\t\t\t\t<div class=\"elementor-container elementor-column-gap-no\">\n\t\t\t\t\t<div class=\"elementor-column elementor-col-100 elementor-inner-column elementor-element elementor-element-20600939\" data-id=\"20600939\" data-element_type=\"column\" data-e-type=\"column\">\n\t\t\t<div class=\"elementor-widget-wrap elementor-element-populated\">\n\t\t\t\t\t\t<div class=\"elementor-element elementor-element-1373b803 elementor-widget-divider--view-line elementor-widget elementor-widget-divider\" data-id=\"1373b803\" data-element_type=\"widget\" data-e-type=\"widget\" data-settings=\"{&quot;ekit_we_effect_on&quot;:&quot;none&quot;}\" data-widget_type=\"divider.default\">\n\t\t\t\t<div class=\"elementor-widget-container\">\n\t\t\t\t\t\t\t<div class=\"elementor-divider\">\n\t\t\t<span class=\"elementor-divider-separator\">\n\t\t\t\t\t\t<\/span>\n\t\t<\/div>\n\t\t\t\t\t\t<\/div>\n\t\t\t\t<\/div>\n\t\t\t\t<div class=\"elementor-element elementor-element-48ec8fc elementor-grid-1 elementor-posts--thumbnail-left elementor-grid-tablet-2 elementor-grid-mobile-1 elementor-widget elementor-widget-posts\" data-id=\"48ec8fc\" data-element_type=\"widget\" data-e-type=\"widget\" data-settings=\"{&quot;classic_columns&quot;:&quot;1&quot;,&quot;classic_row_gap&quot;:{&quot;unit&quot;:&quot;px&quot;,&quot;size&quot;:10,&quot;sizes&quot;:[]},&quot;classic_columns_tablet&quot;:&quot;2&quot;,&quot;classic_columns_mobile&quot;:&quot;1&quot;,&quot;classic_row_gap_tablet&quot;:{&quot;unit&quot;:&quot;px&quot;,&quot;size&quot;:&quot;&quot;,&quot;sizes&quot;:[]},&quot;classic_row_gap_mobile&quot;:{&quot;unit&quot;:&quot;px&quot;,&quot;size&quot;:&quot;&quot;,&quot;sizes&quot;:[]},&quot;ekit_we_effect_on&quot;:&quot;none&quot;}\" data-widget_type=\"posts.classic\">\n\t\t\t\t<div class=\"elementor-widget-container\">\n\t\t\t\t\t\t\t<div class=\"elementor-posts-container elementor-posts elementor-posts--skin-classic elementor-grid\" role=\"list\">\r\n\t\t\t\t<article class=\"elementor-post elementor-grid-item post-8060 post type-post status-publish format-standard has-post-thumbnail hentry category-consultorias category-convocatorias\" role=\"listitem\">\r\n\t\t\t\t<a class=\"elementor-post__thumbnail__link\" href=\"https:\/\/www.fan-bo.org\/index.php\/2026\/04\/28\/ref-301-2026-produccion-audiovisual\/\" tabindex=\"-1\" >\r\n\t\t\t<div class=\"elementor-post__thumbnail\"><img decoding=\"async\" width=\"1410\" height=\"1182\" src=\"https:\/\/www.fan-bo.org\/wp-content\/uploads\/2026\/04\/Convocatoria-301-2026-1.png\" class=\"attachment-full size-full wp-image-8055\" alt=\"\" srcset=\"https:\/\/www.fan-bo.org\/wp-content\/uploads\/2026\/04\/Convocatoria-301-2026-1.png 1410w, https:\/\/www.fan-bo.org\/wp-content\/uploads\/2026\/04\/Convocatoria-301-2026-1-300x251.png 300w, https:\/\/www.fan-bo.org\/wp-content\/uploads\/2026\/04\/Convocatoria-301-2026-1-1024x858.png 1024w, https:\/\/www.fan-bo.org\/wp-content\/uploads\/2026\/04\/Convocatoria-301-2026-1-768x644.png 768w, https:\/\/www.fan-bo.org\/wp-content\/uploads\/2026\/04\/Convocatoria-301-2026-1-1320x1107.png 1320w, https:\/\/www.fan-bo.org\/wp-content\/uploads\/2026\/04\/Convocatoria-301-2026-1-600x503.png 600w\" sizes=\"(max-width: 1410px) 100vw, 1410px\" \/><\/div>\r\n\t\t<\/a>\r\n\t\t\t\t<div class=\"elementor-post__text\">\r\n\t\t\t\t<h6 class=\"elementor-post__title\">\r\n\t\t\t<a href=\"https:\/\/www.fan-bo.org\/index.php\/2026\/04\/28\/ref-301-2026-produccion-audiovisual\/\" >\r\n\t\t\t\tRef: 301\/2026 &#8211; Producci\u00f3n audiovisual\t\t\t<\/a>\r\n\t\t<\/h6>\r\n\t\t\t\t<div class=\"elementor-post__meta-data\">\r\n\t\t\t\t\t<span class=\"elementor-post-date\">\r\n\t\t\tabril 28, 2026\t\t<\/span>\r\n\t\t\t\t<\/div>\r\n\t\t\t\t<\/div>\r\n\t\t\t\t<\/article>\r\n\t\t\t\t<article class=\"elementor-post elementor-grid-item post-8036 post type-post status-publish format-standard has-post-thumbnail hentry category-consultorias category-convocatorias\" role=\"listitem\">\r\n\t\t\t\t<a class=\"elementor-post__thumbnail__link\" href=\"https:\/\/www.fan-bo.org\/index.php\/2026\/04\/23\/ref-107-109-110-2026-promotor-monte-amazonico-gerente-de-gestion-facilitador-chiquitana-sur-pantanal\/\" tabindex=\"-1\" >\r\n\t\t\t<div class=\"elementor-post__thumbnail\"><img loading=\"lazy\" decoding=\"async\" width=\"1410\" height=\"1182\" src=\"https:\/\/www.fan-bo.org\/wp-content\/uploads\/2026\/04\/Convocatoria-107-110.png\" class=\"attachment-full size-full wp-image-8017\" alt=\"\" srcset=\"https:\/\/www.fan-bo.org\/wp-content\/uploads\/2026\/04\/Convocatoria-107-110.png 1410w, https:\/\/www.fan-bo.org\/wp-content\/uploads\/2026\/04\/Convocatoria-107-110-300x251.png 300w, https:\/\/www.fan-bo.org\/wp-content\/uploads\/2026\/04\/Convocatoria-107-110-1024x858.png 1024w, https:\/\/www.fan-bo.org\/wp-content\/uploads\/2026\/04\/Convocatoria-107-110-768x644.png 768w, https:\/\/www.fan-bo.org\/wp-content\/uploads\/2026\/04\/Convocatoria-107-110-1320x1107.png 1320w, https:\/\/www.fan-bo.org\/wp-content\/uploads\/2026\/04\/Convocatoria-107-110-600x503.png 600w\" sizes=\"(max-width: 1410px) 100vw, 1410px\" \/><\/div>\r\n\t\t<\/a>\r\n\t\t\t\t<div class=\"elementor-post__text\">\r\n\t\t\t\t<h6 class=\"elementor-post__title\">\r\n\t\t\t<a href=\"https:\/\/www.fan-bo.org\/index.php\/2026\/04\/23\/ref-107-109-110-2026-promotor-monte-amazonico-gerente-de-gestion-facilitador-chiquitana-sur-pantanal\/\" >\r\n\t\t\t\tRef: 107-109-110\/2026 &#8211; Promotor Monte Amaz\u00f3nico &#8211; Gerente de Gesti\u00f3n &#8211; Facilitador Chiquitana Sur Pantanal\t\t\t<\/a>\r\n\t\t<\/h6>\r\n\t\t\t\t<div class=\"elementor-post__meta-data\">\r\n\t\t\t\t\t<span class=\"elementor-post-date\">\r\n\t\t\tabril 23, 2026\t\t<\/span>\r\n\t\t\t\t<\/div>\r\n\t\t\t\t<\/div>\r\n\t\t\t\t<\/article>\r\n\t\t\t\t<article class=\"elementor-post elementor-grid-item post-7996 post type-post status-publish format-standard has-post-thumbnail hentry category-consultorias category-convocatorias\" role=\"listitem\">\r\n\t\t\t\t<a class=\"elementor-post__thumbnail__link\" href=\"https:\/\/www.fan-bo.org\/index.php\/2026\/04\/07\/ref-203-204-205-2026-epp-herramientas-kit-de-ataque-rapido-dron\/\" tabindex=\"-1\" >\r\n\t\t\t<div class=\"elementor-post__thumbnail\"><img loading=\"lazy\" decoding=\"async\" width=\"1410\" height=\"1182\" src=\"https:\/\/www.fan-bo.org\/wp-content\/uploads\/2026\/04\/Convocatoria-203-2025.png\" class=\"attachment-full size-full wp-image-7972\" alt=\"\" srcset=\"https:\/\/www.fan-bo.org\/wp-content\/uploads\/2026\/04\/Convocatoria-203-2025.png 1410w, https:\/\/www.fan-bo.org\/wp-content\/uploads\/2026\/04\/Convocatoria-203-2025-300x251.png 300w, https:\/\/www.fan-bo.org\/wp-content\/uploads\/2026\/04\/Convocatoria-203-2025-1024x858.png 1024w, https:\/\/www.fan-bo.org\/wp-content\/uploads\/2026\/04\/Convocatoria-203-2025-768x644.png 768w, https:\/\/www.fan-bo.org\/wp-content\/uploads\/2026\/04\/Convocatoria-203-2025-1320x1107.png 1320w, https:\/\/www.fan-bo.org\/wp-content\/uploads\/2026\/04\/Convocatoria-203-2025-600x503.png 600w\" sizes=\"(max-width: 1410px) 100vw, 1410px\" \/><\/div>\r\n\t\t<\/a>\r\n\t\t\t\t<div class=\"elementor-post__text\">\r\n\t\t\t\t<h6 class=\"elementor-post__title\">\r\n\t\t\t<a href=\"https:\/\/www.fan-bo.org\/index.php\/2026\/04\/07\/ref-203-204-205-2026-epp-herramientas-kit-de-ataque-rapido-dron\/\" >\r\n\t\t\t\tRef: 203-204-205\/2026 &#8211; EPP + Herramientas &#8211; Kit de Ataque R\u00e1pido &#8211; Dron\t\t\t<\/a>\r\n\t\t<\/h6>\r\n\t\t\t\t<div class=\"elementor-post__meta-data\">\r\n\t\t\t\t\t<span class=\"elementor-post-date\">\r\n\t\t\tabril 7, 2026\t\t<\/span>\r\n\t\t\t\t<\/div>\r\n\t\t\t\t<\/div>\r\n\t\t\t\t<\/article>\r\n\t\t\t\t<article class=\"elementor-post elementor-grid-item post-7907 post type-post status-publish format-standard has-post-thumbnail hentry category-consultorias category-convocatorias\" role=\"listitem\">\r\n\t\t\t\t<a class=\"elementor-post__thumbnail__link\" href=\"https:\/\/www.fan-bo.org\/index.php\/2026\/02\/10\/ref-402-2026-cargo-disponible-tecnico-sig-agua-y-funciones-ecosistemicas\/\" tabindex=\"-1\" >\r\n\t\t\t<div class=\"elementor-post__thumbnail\"><img loading=\"lazy\" decoding=\"async\" width=\"800\" height=\"671\" src=\"https:\/\/www.fan-bo.org\/wp-content\/uploads\/2026\/02\/Convocatoria-402-2026.jpg\" class=\"attachment-full size-full wp-image-7896\" alt=\"\" srcset=\"https:\/\/www.fan-bo.org\/wp-content\/uploads\/2026\/02\/Convocatoria-402-2026.jpg 800w, https:\/\/www.fan-bo.org\/wp-content\/uploads\/2026\/02\/Convocatoria-402-2026-300x252.jpg 300w, https:\/\/www.fan-bo.org\/wp-content\/uploads\/2026\/02\/Convocatoria-402-2026-768x644.jpg 768w, https:\/\/www.fan-bo.org\/wp-content\/uploads\/2026\/02\/Convocatoria-402-2026-600x503.jpg 600w\" sizes=\"(max-width: 800px) 100vw, 800px\" \/><\/div>\r\n\t\t<\/a>\r\n\t\t\t\t<div class=\"elementor-post__text\">\r\n\t\t\t\t<h6 class=\"elementor-post__title\">\r\n\t\t\t<a href=\"https:\/\/www.fan-bo.org\/index.php\/2026\/02\/10\/ref-402-2026-cargo-disponible-tecnico-sig-agua-y-funciones-ecosistemicas\/\" >\r\n\t\t\t\tRef: 402\/2026 &#8211; Cargo disponible: T\u00e9cnico SIG Agua y funciones ecosist\u00e9micas\t\t\t<\/a>\r\n\t\t<\/h6>\r\n\t\t\t\t<div class=\"elementor-post__meta-data\">\r\n\t\t\t\t\t<span class=\"elementor-post-date\">\r\n\t\t\tfebrero 10, 2026\t\t<\/span>\r\n\t\t\t\t<\/div>\r\n\t\t\t\t<\/div>\r\n\t\t\t\t<\/article>\r\n\t\t\t\t<\/div>\r\n\t\t\r\n\t\t\t\t\t\t<\/div>\n\t\t\t\t<\/div>\n\t\t\t\t\t<\/div>\n\t\t<\/div>\n\t\t\t\t\t<\/div>\n\t\t<\/section>\n\t\t\t\t\t<\/div>\n\t\t<\/div>\n\t\t\t\t\t<\/div>\n\t\t<\/section>\n\t\t<div class=\"elementor-element elementor-element-42676e7c e-flex e-con-boxed e-con e-parent\" data-id=\"42676e7c\" data-element_type=\"container\" data-e-type=\"container\" data-settings=\"{&quot;ekit_has_onepagescroll_dot&quot;:&quot;yes&quot;}\">\n\t\t\t\t\t<div class=\"e-con-inner\">\n\t\t<div class=\"elementor-element elementor-element-25b36f3a e-con-full e-flex e-con e-child\" data-id=\"25b36f3a\" data-element_type=\"container\" data-e-type=\"container\" data-settings=\"{&quot;ekit_has_onepagescroll_dot&quot;:&quot;yes&quot;}\">\n\t\t\t\t<div class=\"elementor-element elementor-element-1e967c9c elementor-post-navigation-borders-yes elementor-widget elementor-widget-post-navigation\" data-id=\"1e967c9c\" data-element_type=\"widget\" data-e-type=\"widget\" data-settings=\"{&quot;ekit_we_effect_on&quot;:&quot;none&quot;}\" data-widget_type=\"post-navigation.default\">\n\t\t\t\t<div class=\"elementor-widget-container\">\n\t\t\t\t\t\t\t<div class=\"elementor-post-navigation\" role=\"navigation\" aria-label=\"Post Navigation\">\r\n\t\t\t<div class=\"elementor-post-navigation__prev elementor-post-navigation__link\">\r\n\t\t\t\t<a href=\"https:\/\/www.fan-bo.org\/index.php\/2026\/01\/27\/ref-201-2026-equipos-de-proteccion-personal-y-herramientas-para-combate-de-incendios-forestales\/\" rel=\"prev\"><span class=\"post-navigation__arrow-wrapper post-navigation__arrow-prev\"><i aria-hidden=\"true\" class=\"fas fa-angle-left\"><\/i><span class=\"elementor-screen-only\">Prev<\/span><\/span><span class=\"elementor-post-navigation__link__prev\"><span class=\"post-navigation__prev--label\">Anterior<\/span><span class=\"post-navigation__prev--title\">Ref: 201 y 202 \/2026 Equipos, Herramientas y Kit de Ataque R\u00e1pido para Incendios Forestales<\/span><\/span><\/a>\t\t\t<\/div>\r\n\t\t\t\t\t\t\t<div class=\"elementor-post-navigation__separator-wrapper\">\r\n\t\t\t\t\t<div class=\"elementor-post-navigation__separator\"><\/div>\r\n\t\t\t\t<\/div>\r\n\t\t\t\t\t\t<div class=\"elementor-post-navigation__next elementor-post-navigation__link\">\r\n\t\t\t\t<a href=\"https:\/\/www.fan-bo.org\/index.php\/2026\/04\/07\/ref-203-204-205-2026-epp-herramientas-kit-de-ataque-rapido-dron\/\" rel=\"next\"><span class=\"elementor-post-navigation__link__next\"><span class=\"post-navigation__next--label\">Siguiente<\/span><span class=\"post-navigation__next--title\">Ref: 203-204-205\/2026 &#8211; EPP + Herramientas &#8211; Kit de Ataque R\u00e1pido &#8211; Dron<\/span><\/span><span class=\"post-navigation__arrow-wrapper post-navigation__arrow-next\"><i aria-hidden=\"true\" class=\"fas fa-angle-right\"><\/i><span class=\"elementor-screen-only\">Next<\/span><\/span><\/a>\t\t\t<\/div>\r\n\t\t<\/div>\r\n\t\t\t\t\t\t<\/div>\n\t\t\t\t<\/div>\n\t\t\t\t<\/div>\n\t\t\t\t\t<\/div>\n\t\t\t\t<\/div>\n\t\t\t\t<\/div>\n\t\t","protected":false},"excerpt":{"rendered":"<p>T\u00e9rminos de Referencia (TDR): 1. Ref: 201\/2026 Equipos de Protecci\u00f3n Personal y Herramientas para Combate de\u00a0 Incendios Forestales\u00a0 Fecha de Publicaci\u00f3n:\u00a0 \u00a021\/01\/2026Fecha de Presentaci\u00f3n: 06\/02\/2026<\/p>\n","protected":false},"author":1,"featured_media":7874,"comment_status":"closed","ping_status":"closed","sticky":false,"template":"","format":"standard","meta":{"_jetpack_memberships_contains_paid_content":false,"footnotes":""},"categories":[48,51],"tags":[],"class_list":["post-7883","post","type-post","status-publish","format-standard","has-post-thumbnail","hentry","category-consultorias","category-convocatorias"],"yoast_head":"<!-- This site is optimized with the Yoast SEO plugin v27.5 - https:\/\/yoast.com\/product\/yoast-seo-wordpress\/ -->\n<title>Ref: 201 y 202 \/2026 Equipos, Herramientas y Kit de Ataque R\u00e1pido para Incendios Forestales - FAN<\/title>\n<meta name=\"robots\" content=\"index, follow, max-snippet:-1, max-image-preview:large, max-video-preview:-1\" \/>\n<link rel=\"canonical\" href=\"https:\/\/www.fan-bo.org\/index.php\/2026\/01\/27\/ref-201-2026-equipos-de-proteccion-personal-y-herramientas-para-combate-de-incendios-forestales\/\" \/>\n<meta property=\"og:locale\" content=\"es_ES\" \/>\n<meta property=\"og:type\" content=\"article\" \/>\n<meta property=\"og:title\" content=\"Ref: 201 y 202 \/2026 Equipos, Herramientas y Kit de Ataque R\u00e1pido para Incendios Forestales - FAN\" \/>\n<meta property=\"og:description\" content=\"T\u00e9rminos de Referencia (TDR): 1. Ref: 201\/2026 Equipos de Protecci\u00f3n Personal y Herramientas para Combate de\u00a0 Incendios Forestales\u00a0 Fecha de Publicaci\u00f3n:\u00a0 \u00a021\/01\/2026Fecha de Presentaci\u00f3n: 06\/02\/2026\" \/>\n<meta property=\"og:url\" content=\"https:\/\/www.fan-bo.org\/index.php\/2026\/01\/27\/ref-201-2026-equipos-de-proteccion-personal-y-herramientas-para-combate-de-incendios-forestales\/\" \/>\n<meta property=\"og:site_name\" content=\"FAN\" \/>\n<meta property=\"article:published_time\" content=\"2026-01-27T20:26:34+00:00\" \/>\n<meta property=\"article:modified_time\" content=\"2026-01-27T20:46:18+00:00\" \/>\n<meta property=\"og:image\" content=\"https:\/\/www.fan-bo.org\/wp-content\/uploads\/2026\/01\/Convocatoria-201-202.jpg\" \/>\n\t<meta property=\"og:image:width\" content=\"800\" \/>\n\t<meta property=\"og:image:height\" content=\"671\" \/>\n\t<meta property=\"og:image:type\" content=\"image\/jpeg\" \/>\n<meta name=\"author\" content=\"fadm\" \/>\n<meta name=\"twitter:card\" content=\"summary_large_image\" \/>\n<meta name=\"twitter:label1\" content=\"Escrito por\" \/>\n\t<meta name=\"twitter:data1\" content=\"fadm\" \/>\n\t<meta name=\"twitter:label2\" content=\"Tiempo de lectura\" \/>\n\t<meta name=\"twitter:data2\" content=\"8 minutos\" \/>\n<script type=\"application\/ld+json\" class=\"yoast-schema-graph\">{\"@context\":\"https:\\\/\\\/schema.org\",\"@graph\":[{\"@type\":\"Article\",\"@id\":\"https:\\\/\\\/www.fan-bo.org\\\/index.php\\\/2026\\\/01\\\/27\\\/ref-201-2026-equipos-de-proteccion-personal-y-herramientas-para-combate-de-incendios-forestales\\\/#article\",\"isPartOf\":{\"@id\":\"https:\\\/\\\/www.fan-bo.org\\\/index.php\\\/2026\\\/01\\\/27\\\/ref-201-2026-equipos-de-proteccion-personal-y-herramientas-para-combate-de-incendios-forestales\\\/\"},\"author\":{\"name\":\"fadm\",\"@id\":\"https:\\\/\\\/www.fan-bo.org\\\/#\\\/schema\\\/person\\\/d7341145be321c0d7f20bf70a8f109ac\"},\"headline\":\"Ref: 201 y 202 \\\/2026 Equipos, Herramientas y Kit de Ataque R\u00e1pido para Incendios Forestales\",\"datePublished\":\"2026-01-27T20:26:34+00:00\",\"dateModified\":\"2026-01-27T20:46:18+00:00\",\"mainEntityOfPage\":{\"@id\":\"https:\\\/\\\/www.fan-bo.org\\\/index.php\\\/2026\\\/01\\\/27\\\/ref-201-2026-equipos-de-proteccion-personal-y-herramientas-para-combate-de-incendios-forestales\\\/\"},\"wordCount\":1361,\"publisher\":{\"@id\":\"https:\\\/\\\/www.fan-bo.org\\\/#organization\"},\"image\":{\"@id\":\"https:\\\/\\\/www.fan-bo.org\\\/index.php\\\/2026\\\/01\\\/27\\\/ref-201-2026-equipos-de-proteccion-personal-y-herramientas-para-combate-de-incendios-forestales\\\/#primaryimage\"},\"thumbnailUrl\":\"https:\\\/\\\/www.fan-bo.org\\\/wp-content\\\/uploads\\\/2026\\\/01\\\/Convocatoria-201-202.jpg\",\"articleSection\":[\"Consultor\u00edas\",\"Convocatorias\"],\"inLanguage\":\"es\"},{\"@type\":\"WebPage\",\"@id\":\"https:\\\/\\\/www.fan-bo.org\\\/index.php\\\/2026\\\/01\\\/27\\\/ref-201-2026-equipos-de-proteccion-personal-y-herramientas-para-combate-de-incendios-forestales\\\/\",\"url\":\"https:\\\/\\\/www.fan-bo.org\\\/index.php\\\/2026\\\/01\\\/27\\\/ref-201-2026-equipos-de-proteccion-personal-y-herramientas-para-combate-de-incendios-forestales\\\/\",\"name\":\"Ref: 201 y 202 \\\/2026 Equipos, Herramientas y Kit de Ataque R\u00e1pido para Incendios Forestales - FAN\",\"isPartOf\":{\"@id\":\"https:\\\/\\\/www.fan-bo.org\\\/#website\"},\"primaryImageOfPage\":{\"@id\":\"https:\\\/\\\/www.fan-bo.org\\\/index.php\\\/2026\\\/01\\\/27\\\/ref-201-2026-equipos-de-proteccion-personal-y-herramientas-para-combate-de-incendios-forestales\\\/#primaryimage\"},\"image\":{\"@id\":\"https:\\\/\\\/www.fan-bo.org\\\/index.php\\\/2026\\\/01\\\/27\\\/ref-201-2026-equipos-de-proteccion-personal-y-herramientas-para-combate-de-incendios-forestales\\\/#primaryimage\"},\"thumbnailUrl\":\"https:\\\/\\\/www.fan-bo.org\\\/wp-content\\\/uploads\\\/2026\\\/01\\\/Convocatoria-201-202.jpg\",\"datePublished\":\"2026-01-27T20:26:34+00:00\",\"dateModified\":\"2026-01-27T20:46:18+00:00\",\"breadcrumb\":{\"@id\":\"https:\\\/\\\/www.fan-bo.org\\\/index.php\\\/2026\\\/01\\\/27\\\/ref-201-2026-equipos-de-proteccion-personal-y-herramientas-para-combate-de-incendios-forestales\\\/#breadcrumb\"},\"inLanguage\":\"es\",\"potentialAction\":[{\"@type\":\"ReadAction\",\"target\":[\"https:\\\/\\\/www.fan-bo.org\\\/index.php\\\/2026\\\/01\\\/27\\\/ref-201-2026-equipos-de-proteccion-personal-y-herramientas-para-combate-de-incendios-forestales\\\/\"]}]},{\"@type\":\"ImageObject\",\"inLanguage\":\"es\",\"@id\":\"https:\\\/\\\/www.fan-bo.org\\\/index.php\\\/2026\\\/01\\\/27\\\/ref-201-2026-equipos-de-proteccion-personal-y-herramientas-para-combate-de-incendios-forestales\\\/#primaryimage\",\"url\":\"https:\\\/\\\/www.fan-bo.org\\\/wp-content\\\/uploads\\\/2026\\\/01\\\/Convocatoria-201-202.jpg\",\"contentUrl\":\"https:\\\/\\\/www.fan-bo.org\\\/wp-content\\\/uploads\\\/2026\\\/01\\\/Convocatoria-201-202.jpg\",\"width\":800,\"height\":671},{\"@type\":\"BreadcrumbList\",\"@id\":\"https:\\\/\\\/www.fan-bo.org\\\/index.php\\\/2026\\\/01\\\/27\\\/ref-201-2026-equipos-de-proteccion-personal-y-herramientas-para-combate-de-incendios-forestales\\\/#breadcrumb\",\"itemListElement\":[{\"@type\":\"ListItem\",\"position\":1,\"name\":\"Portada\",\"item\":\"https:\\\/\\\/www.fan-bo.org\\\/\"},{\"@type\":\"ListItem\",\"position\":2,\"name\":\"Ref: 201 y 202 \\\/2026 Equipos, Herramientas y Kit de Ataque R\u00e1pido para Incendios Forestales\"}]},{\"@type\":\"WebSite\",\"@id\":\"https:\\\/\\\/www.fan-bo.org\\\/#website\",\"url\":\"https:\\\/\\\/www.fan-bo.org\\\/\",\"name\":\"FAN\",\"description\":\"Fundaci\u00f3n Amigos de la Naturaleza\",\"publisher\":{\"@id\":\"https:\\\/\\\/www.fan-bo.org\\\/#organization\"},\"potentialAction\":[{\"@type\":\"SearchAction\",\"target\":{\"@type\":\"EntryPoint\",\"urlTemplate\":\"https:\\\/\\\/www.fan-bo.org\\\/?s={search_term_string}\"},\"query-input\":{\"@type\":\"PropertyValueSpecification\",\"valueRequired\":true,\"valueName\":\"search_term_string\"}}],\"inLanguage\":\"es\"},{\"@type\":\"Organization\",\"@id\":\"https:\\\/\\\/www.fan-bo.org\\\/#organization\",\"name\":\"FAN\",\"url\":\"https:\\\/\\\/www.fan-bo.org\\\/\",\"logo\":{\"@type\":\"ImageObject\",\"inLanguage\":\"es\",\"@id\":\"https:\\\/\\\/www.fan-bo.org\\\/#\\\/schema\\\/logo\\\/image\\\/\",\"url\":\"https:\\\/\\\/www.fan-bo.org\\\/wp-content\\\/uploads\\\/2023\\\/10\\\/LOGO-FAN-COMPLETO-sin-borde-1.svg\",\"contentUrl\":\"https:\\\/\\\/www.fan-bo.org\\\/wp-content\\\/uploads\\\/2023\\\/10\\\/LOGO-FAN-COMPLETO-sin-borde-1.svg\",\"width\":692,\"height\":418,\"caption\":\"FAN\"},\"image\":{\"@id\":\"https:\\\/\\\/www.fan-bo.org\\\/#\\\/schema\\\/logo\\\/image\\\/\"}},{\"@type\":\"Person\",\"@id\":\"https:\\\/\\\/www.fan-bo.org\\\/#\\\/schema\\\/person\\\/d7341145be321c0d7f20bf70a8f109ac\",\"name\":\"fadm\",\"image\":{\"@type\":\"ImageObject\",\"inLanguage\":\"es\",\"@id\":\"https:\\\/\\\/secure.gravatar.com\\\/avatar\\\/6712d9484aed6b514a47d18bcde9f685b6359ffd506536bb6008f47f6bc33fe9?s=96&d=mm&r=g\",\"url\":\"https:\\\/\\\/secure.gravatar.com\\\/avatar\\\/6712d9484aed6b514a47d18bcde9f685b6359ffd506536bb6008f47f6bc33fe9?s=96&d=mm&r=g\",\"contentUrl\":\"https:\\\/\\\/secure.gravatar.com\\\/avatar\\\/6712d9484aed6b514a47d18bcde9f685b6359ffd506536bb6008f47f6bc33fe9?s=96&d=mm&r=g\",\"caption\":\"fadm\"},\"sameAs\":[\"https:\\\/\\\/www.fan-bo.org\"],\"url\":\"https:\\\/\\\/www.fan-bo.org\\\/index.php\\\/author\\\/fadm\\\/\"}]}<\/script>\n<!-- \/ Yoast SEO plugin. -->","yoast_head_json":{"title":"Ref: 201 y 202 \/2026 Equipos, Herramientas y Kit de Ataque R\u00e1pido para Incendios Forestales - FAN","robots":{"index":"index","follow":"follow","max-snippet":"max-snippet:-1","max-image-preview":"max-image-preview:large","max-video-preview":"max-video-preview:-1"},"canonical":"https:\/\/www.fan-bo.org\/index.php\/2026\/01\/27\/ref-201-2026-equipos-de-proteccion-personal-y-herramientas-para-combate-de-incendios-forestales\/","og_locale":"es_ES","og_type":"article","og_title":"Ref: 201 y 202 \/2026 Equipos, Herramientas y Kit de Ataque R\u00e1pido para Incendios Forestales - FAN","og_description":"T\u00e9rminos de Referencia (TDR): 1. Ref: 201\/2026 Equipos de Protecci\u00f3n Personal y Herramientas para Combate de\u00a0 Incendios Forestales\u00a0 Fecha de Publicaci\u00f3n:\u00a0 \u00a021\/01\/2026Fecha de Presentaci\u00f3n: 06\/02\/2026","og_url":"https:\/\/www.fan-bo.org\/index.php\/2026\/01\/27\/ref-201-2026-equipos-de-proteccion-personal-y-herramientas-para-combate-de-incendios-forestales\/","og_site_name":"FAN","article_published_time":"2026-01-27T20:26:34+00:00","article_modified_time":"2026-01-27T20:46:18+00:00","og_image":[{"width":800,"height":671,"url":"https:\/\/www.fan-bo.org\/wp-content\/uploads\/2026\/01\/Convocatoria-201-202.jpg","type":"image\/jpeg"}],"author":"fadm","twitter_card":"summary_large_image","twitter_misc":{"Escrito por":"fadm","Tiempo de lectura":"8 minutos"},"schema":{"@context":"https:\/\/schema.org","@graph":[{"@type":"Article","@id":"https:\/\/www.fan-bo.org\/index.php\/2026\/01\/27\/ref-201-2026-equipos-de-proteccion-personal-y-herramientas-para-combate-de-incendios-forestales\/#article","isPartOf":{"@id":"https:\/\/www.fan-bo.org\/index.php\/2026\/01\/27\/ref-201-2026-equipos-de-proteccion-personal-y-herramientas-para-combate-de-incendios-forestales\/"},"author":{"name":"fadm","@id":"https:\/\/www.fan-bo.org\/#\/schema\/person\/d7341145be321c0d7f20bf70a8f109ac"},"headline":"Ref: 201 y 202 \/2026 Equipos, Herramientas y Kit de Ataque R\u00e1pido para Incendios Forestales","datePublished":"2026-01-27T20:26:34+00:00","dateModified":"2026-01-27T20:46:18+00:00","mainEntityOfPage":{"@id":"https:\/\/www.fan-bo.org\/index.php\/2026\/01\/27\/ref-201-2026-equipos-de-proteccion-personal-y-herramientas-para-combate-de-incendios-forestales\/"},"wordCount":1361,"publisher":{"@id":"https:\/\/www.fan-bo.org\/#organization"},"image":{"@id":"https:\/\/www.fan-bo.org\/index.php\/2026\/01\/27\/ref-201-2026-equipos-de-proteccion-personal-y-herramientas-para-combate-de-incendios-forestales\/#primaryimage"},"thumbnailUrl":"https:\/\/www.fan-bo.org\/wp-content\/uploads\/2026\/01\/Convocatoria-201-202.jpg","articleSection":["Consultor\u00edas","Convocatorias"],"inLanguage":"es"},{"@type":"WebPage","@id":"https:\/\/www.fan-bo.org\/index.php\/2026\/01\/27\/ref-201-2026-equipos-de-proteccion-personal-y-herramientas-para-combate-de-incendios-forestales\/","url":"https:\/\/www.fan-bo.org\/index.php\/2026\/01\/27\/ref-201-2026-equipos-de-proteccion-personal-y-herramientas-para-combate-de-incendios-forestales\/","name":"Ref: 201 y 202 \/2026 Equipos, Herramientas y Kit de Ataque R\u00e1pido para Incendios Forestales - FAN","isPartOf":{"@id":"https:\/\/www.fan-bo.org\/#website"},"primaryImageOfPage":{"@id":"https:\/\/www.fan-bo.org\/index.php\/2026\/01\/27\/ref-201-2026-equipos-de-proteccion-personal-y-herramientas-para-combate-de-incendios-forestales\/#primaryimage"},"image":{"@id":"https:\/\/www.fan-bo.org\/index.php\/2026\/01\/27\/ref-201-2026-equipos-de-proteccion-personal-y-herramientas-para-combate-de-incendios-forestales\/#primaryimage"},"thumbnailUrl":"https:\/\/www.fan-bo.org\/wp-content\/uploads\/2026\/01\/Convocatoria-201-202.jpg","datePublished":"2026-01-27T20:26:34+00:00","dateModified":"2026-01-27T20:46:18+00:00","breadcrumb":{"@id":"https:\/\/www.fan-bo.org\/index.php\/2026\/01\/27\/ref-201-2026-equipos-de-proteccion-personal-y-herramientas-para-combate-de-incendios-forestales\/#breadcrumb"},"inLanguage":"es","potentialAction":[{"@type":"ReadAction","target":["https:\/\/www.fan-bo.org\/index.php\/2026\/01\/27\/ref-201-2026-equipos-de-proteccion-personal-y-herramientas-para-combate-de-incendios-forestales\/"]}]},{"@type":"ImageObject","inLanguage":"es","@id":"https:\/\/www.fan-bo.org\/index.php\/2026\/01\/27\/ref-201-2026-equipos-de-proteccion-personal-y-herramientas-para-combate-de-incendios-forestales\/#primaryimage","url":"https:\/\/www.fan-bo.org\/wp-content\/uploads\/2026\/01\/Convocatoria-201-202.jpg","contentUrl":"https:\/\/www.fan-bo.org\/wp-content\/uploads\/2026\/01\/Convocatoria-201-202.jpg","width":800,"height":671},{"@type":"BreadcrumbList","@id":"https:\/\/www.fan-bo.org\/index.php\/2026\/01\/27\/ref-201-2026-equipos-de-proteccion-personal-y-herramientas-para-combate-de-incendios-forestales\/#breadcrumb","itemListElement":[{"@type":"ListItem","position":1,"name":"Portada","item":"https:\/\/www.fan-bo.org\/"},{"@type":"ListItem","position":2,"name":"Ref: 201 y 202 \/2026 Equipos, Herramientas y Kit de Ataque R\u00e1pido para Incendios Forestales"}]},{"@type":"WebSite","@id":"https:\/\/www.fan-bo.org\/#website","url":"https:\/\/www.fan-bo.org\/","name":"FAN","description":"Fundaci\u00f3n Amigos de la Naturaleza","publisher":{"@id":"https:\/\/www.fan-bo.org\/#organization"},"potentialAction":[{"@type":"SearchAction","target":{"@type":"EntryPoint","urlTemplate":"https:\/\/www.fan-bo.org\/?s={search_term_string}"},"query-input":{"@type":"PropertyValueSpecification","valueRequired":true,"valueName":"search_term_string"}}],"inLanguage":"es"},{"@type":"Organization","@id":"https:\/\/www.fan-bo.org\/#organization","name":"FAN","url":"https:\/\/www.fan-bo.org\/","logo":{"@type":"ImageObject","inLanguage":"es","@id":"https:\/\/www.fan-bo.org\/#\/schema\/logo\/image\/","url":"https:\/\/www.fan-bo.org\/wp-content\/uploads\/2023\/10\/LOGO-FAN-COMPLETO-sin-borde-1.svg","contentUrl":"https:\/\/www.fan-bo.org\/wp-content\/uploads\/2023\/10\/LOGO-FAN-COMPLETO-sin-borde-1.svg","width":692,"height":418,"caption":"FAN"},"image":{"@id":"https:\/\/www.fan-bo.org\/#\/schema\/logo\/image\/"}},{"@type":"Person","@id":"https:\/\/www.fan-bo.org\/#\/schema\/person\/d7341145be321c0d7f20bf70a8f109ac","name":"fadm","image":{"@type":"ImageObject","inLanguage":"es","@id":"https:\/\/secure.gravatar.com\/avatar\/6712d9484aed6b514a47d18bcde9f685b6359ffd506536bb6008f47f6bc33fe9?s=96&d=mm&r=g","url":"https:\/\/secure.gravatar.com\/avatar\/6712d9484aed6b514a47d18bcde9f685b6359ffd506536bb6008f47f6bc33fe9?s=96&d=mm&r=g","contentUrl":"https:\/\/secure.gravatar.com\/avatar\/6712d9484aed6b514a47d18bcde9f685b6359ffd506536bb6008f47f6bc33fe9?s=96&d=mm&r=g","caption":"fadm"},"sameAs":["https:\/\/www.fan-bo.org"],"url":"https:\/\/www.fan-bo.org\/index.php\/author\/fadm\/"}]}},"jetpack_featured_media_url":"https:\/\/www.fan-bo.org\/wp-content\/uploads\/2026\/01\/Convocatoria-201-202.jpg","jetpack_sharing_enabled":true,"_links":{"self":[{"href":"https:\/\/www.fan-bo.org\/index.php\/wp-json\/wp\/v2\/posts\/7883","targetHints":{"allow":["GET"]}}],"collection":[{"href":"https:\/\/www.fan-bo.org\/index.php\/wp-json\/wp\/v2\/posts"}],"about":[{"href":"https:\/\/www.fan-bo.org\/index.php\/wp-json\/wp\/v2\/types\/post"}],"author":[{"embeddable":true,"href":"https:\/\/www.fan-bo.org\/index.php\/wp-json\/wp\/v2\/users\/1"}],"replies":[{"embeddable":true,"href":"https:\/\/www.fan-bo.org\/index.php\/wp-json\/wp\/v2\/comments?post=7883"}],"version-history":[{"count":5,"href":"https:\/\/www.fan-bo.org\/index.php\/wp-json\/wp\/v2\/posts\/7883\/revisions"}],"predecessor-version":[{"id":7890,"href":"https:\/\/www.fan-bo.org\/index.php\/wp-json\/wp\/v2\/posts\/7883\/revisions\/7890"}],"wp:featuredmedia":[{"embeddable":true,"href":"https:\/\/www.fan-bo.org\/index.php\/wp-json\/wp\/v2\/media\/7874"}],"wp:attachment":[{"href":"https:\/\/www.fan-bo.org\/index.php\/wp-json\/wp\/v2\/media?parent=7883"}],"wp:term":[{"taxonomy":"category","embeddable":true,"href":"https:\/\/www.fan-bo.org\/index.php\/wp-json\/wp\/v2\/categories?post=7883"},{"taxonomy":"post_tag","embeddable":true,"href":"https:\/\/www.fan-bo.org\/index.php\/wp-json\/wp\/v2\/tags?post=7883"}],"curies":[{"name":"wp","href":"https:\/\/api.w.org\/{rel}","templated":true}]}}