{"id":7863,"date":"2026-01-22T12:17:56","date_gmt":"2026-01-22T16:17:56","guid":{"rendered":"https:\/\/www.fan-bo.org\/?p=7863"},"modified":"2026-01-22T12:21:25","modified_gmt":"2026-01-22T16:21:25","slug":"ref-101-2026-consultoria-asistencia-tecnica-en-asociatividad-y-enlace-comercial-para-comunidades-de-la-chiquitania","status":"publish","type":"post","link":"https:\/\/www.fan-bo.org\/index.php\/2026\/01\/22\/ref-101-2026-consultoria-asistencia-tecnica-en-asociatividad-y-enlace-comercial-para-comunidades-de-la-chiquitania\/","title":{"rendered":"Ref: 101\/2026 \u2013 Consultor\u00eda Asistencia T\u00e9cnica en Asociatividad y Enlace Comercial para Comunidades de la Chiquitan\u00eda"},"content":{"rendered":"\t\t<div data-elementor-type=\"wp-post\" data-elementor-id=\"7863\" class=\"elementor elementor-7863\" data-elementor-post-type=\"post\">\n\t\t\t\t\t\t<section class=\"elementor-section elementor-top-section elementor-element elementor-element-292a4aa5 elementor-section-full_width elementor-section-height-default elementor-section-height-default\" data-id=\"292a4aa5\" data-element_type=\"section\" data-e-type=\"section\" data-settings=\"{&quot;background_background&quot;:&quot;classic&quot;,&quot;ekit_has_onepagescroll_dot&quot;:&quot;yes&quot;}\">\n\t\t\t\t\t\t\t<div class=\"elementor-background-overlay\"><\/div>\n\t\t\t\t\t\t\t<div class=\"elementor-container elementor-column-gap-no\">\n\t\t\t\t\t<div class=\"elementor-column elementor-col-100 elementor-top-column elementor-element elementor-element-68a54f91\" data-id=\"68a54f91\" data-element_type=\"column\" data-e-type=\"column\">\n\t\t\t<div class=\"elementor-widget-wrap elementor-element-populated\">\n\t\t\t\t\t\t<div class=\"elementor-element elementor-element-453810d6 elementor-widget elementor-widget-spacer\" data-id=\"453810d6\" data-element_type=\"widget\" data-e-type=\"widget\" data-settings=\"{&quot;ekit_we_effect_on&quot;:&quot;none&quot;}\" data-widget_type=\"spacer.default\">\n\t\t\t\t<div class=\"elementor-widget-container\">\n\t\t\t\t\t\t\t<div class=\"elementor-spacer\">\n\t\t\t<div class=\"elementor-spacer-inner\"><\/div>\n\t\t<\/div>\n\t\t\t\t\t\t<\/div>\n\t\t\t\t<\/div>\n\t\t\t\t\t<\/div>\n\t\t<\/div>\n\t\t\t\t\t<\/div>\n\t\t<\/section>\n\t\t\t\t<section class=\"elementor-section elementor-top-section elementor-element elementor-element-34c88462 elementor-section-boxed elementor-section-height-default elementor-section-height-default\" data-id=\"34c88462\" data-element_type=\"section\" data-e-type=\"section\" data-settings=\"{&quot;ekit_has_onepagescroll_dot&quot;:&quot;yes&quot;}\">\n\t\t\t\t\t\t<div class=\"elementor-container elementor-column-gap-default\">\n\t\t\t\t\t<div class=\"elementor-column elementor-col-50 elementor-top-column elementor-element elementor-element-451c9282\" data-id=\"451c9282\" data-element_type=\"column\" data-e-type=\"column\">\n\t\t\t<div class=\"elementor-widget-wrap elementor-element-populated\">\n\t\t\t\t\t\t<div class=\"elementor-element elementor-element-f32bb01 elementor-widget elementor-widget-theme-post-title elementor-page-title elementor-widget-heading\" data-id=\"f32bb01\" data-element_type=\"widget\" data-e-type=\"widget\" data-settings=\"{&quot;ekit_we_effect_on&quot;:&quot;none&quot;}\" data-widget_type=\"theme-post-title.default\">\n\t\t\t\t<div class=\"elementor-widget-container\">\n\t\t\t\t\t<h3 class=\"elementor-heading-title elementor-size-default\">Ref: 101\/2026 \u2013 Consultor\u00eda Asistencia T\u00e9cnica en Asociatividad y Enlace Comercial para Comunidades de la Chiquitan\u00eda<\/h3>\t\t\t\t<\/div>\n\t\t\t\t<\/div>\n\t\t\t\t<div class=\"elementor-element elementor-element-b6d796e elementor-align-left elementor-widget elementor-widget-post-info\" data-id=\"b6d796e\" data-element_type=\"widget\" data-e-type=\"widget\" data-settings=\"{&quot;ekit_we_effect_on&quot;:&quot;none&quot;}\" data-widget_type=\"post-info.default\">\n\t\t\t\t<div class=\"elementor-widget-container\">\n\t\t\t\t\t\t\t<ul class=\"elementor-inline-items elementor-icon-list-items elementor-post-info\">\r\n\t\t\t\t\t\t\t\t<li class=\"elementor-icon-list-item elementor-repeater-item-2c59e0b elementor-inline-item\" itemprop=\"datePublished\">\r\n\t\t\t\t\t\t<a href=\"https:\/\/www.fan-bo.org\/index.php\/2026\/01\/22\/\">\r\n\t\t\t\t\t\t\t\t\t\t\t<span class=\"elementor-icon-list-icon\">\r\n\t\t\t\t\t\t\t\t<i aria-hidden=\"true\" class=\"fas fa-calendar\"><\/i>\t\t\t\t\t\t\t<\/span>\r\n\t\t\t\t\t\t\t\t\t<span class=\"elementor-icon-list-text elementor-post-info__item elementor-post-info__item--type-date\">\r\n\t\t\t\t\t\t\t\t\t\t<time>enero 22, 2026<\/time>\t\t\t\t\t<\/span>\r\n\t\t\t\t\t\t\t\t\t<\/a>\r\n\t\t\t\t<\/li>\r\n\t\t\t\t<\/ul>\r\n\t\t\t\t\t\t<\/div>\n\t\t\t\t<\/div>\n\t\t\t\t<div class=\"elementor-element elementor-element-1a1f96d1 elementor-widget elementor-widget-theme-post-featured-image elementor-widget-image\" data-id=\"1a1f96d1\" data-element_type=\"widget\" data-e-type=\"widget\" data-settings=\"{&quot;ekit_we_effect_on&quot;:&quot;none&quot;}\" data-widget_type=\"theme-post-featured-image.default\">\n\t\t\t\t<div class=\"elementor-widget-container\">\n\t\t\t\t\t\t\t\t\t\t\t\t\t\t\t<img fetchpriority=\"high\" decoding=\"async\" width=\"768\" height=\"644\" src=\"https:\/\/www.fan-bo.org\/wp-content\/uploads\/2026\/01\/Convocatoria-101.2026-768x644.jpg\" class=\"attachment-medium_large size-medium_large wp-image-7854\" alt=\"\" srcset=\"https:\/\/www.fan-bo.org\/wp-content\/uploads\/2026\/01\/Convocatoria-101.2026-768x644.jpg 768w, https:\/\/www.fan-bo.org\/wp-content\/uploads\/2026\/01\/Convocatoria-101.2026-300x252.jpg 300w, https:\/\/www.fan-bo.org\/wp-content\/uploads\/2026\/01\/Convocatoria-101.2026-600x503.jpg 600w, https:\/\/www.fan-bo.org\/wp-content\/uploads\/2026\/01\/Convocatoria-101.2026.jpg 800w\" sizes=\"(max-width: 768px) 100vw, 768px\" \/>\t\t\t\t\t\t\t\t\t\t\t\t\t\t\t<\/div>\n\t\t\t\t<\/div>\n\t\t\t\t<div class=\"elementor-element elementor-element-c7d3315 elementor-widget elementor-widget-spacer\" data-id=\"c7d3315\" data-element_type=\"widget\" data-e-type=\"widget\" data-settings=\"{&quot;ekit_we_effect_on&quot;:&quot;none&quot;}\" data-widget_type=\"spacer.default\">\n\t\t\t\t<div class=\"elementor-widget-container\">\n\t\t\t\t\t\t\t<div class=\"elementor-spacer\">\n\t\t\t<div class=\"elementor-spacer-inner\"><\/div>\n\t\t<\/div>\n\t\t\t\t\t\t<\/div>\n\t\t\t\t<\/div>\n\t\t\t\t<div class=\"elementor-element elementor-element-69cedf48 elementor-widget elementor-widget-spacer\" data-id=\"69cedf48\" data-element_type=\"widget\" data-e-type=\"widget\" data-settings=\"{&quot;ekit_we_effect_on&quot;:&quot;none&quot;}\" data-widget_type=\"spacer.default\">\n\t\t\t\t<div class=\"elementor-widget-container\">\n\t\t\t\t\t\t\t<div class=\"elementor-spacer\">\n\t\t\t<div class=\"elementor-spacer-inner\"><\/div>\n\t\t<\/div>\n\t\t\t\t\t\t<\/div>\n\t\t\t\t<\/div>\n\t\t\t\t<div class=\"elementor-element elementor-element-84751c6 elementor-widget elementor-widget-text-editor\" data-id=\"84751c6\" data-element_type=\"widget\" data-e-type=\"widget\" data-settings=\"{&quot;ekit_we_effect_on&quot;:&quot;none&quot;}\" data-widget_type=\"text-editor.default\">\n\t\t\t\t<div class=\"elementor-widget-container\">\n\t\t\t\t\t\t\t\t\t<p style=\"text-align: justify;\"><strong>T\u00e9rminos de Referencia (TDR):<\/strong><\/p>\n<table class=\"t1\" cellspacing=\"0\" cellpadding=\"0\">\n<tbody>\n<tr>\n<td class=\"td1\" valign=\"top\">\n<p class=\"p2\">1. <a href=\"https:\/\/www.fan-bo.org\/wp-content\/uploads\/2026\/01\/101-2026_TDR_AT_Asociatividad_Enlace_Comercial.pdf\" target=\"_blank\" rel=\"noopener\">Ref: 101\/2026 &#8211; Consultor\u00eda Asistencia T\u00e9cnica en Asociatividad y Enlace Comercial para Comunidades de la Chiquitan\u00eda<\/a><\/p>\n<p><a href=\"https:\/\/www.fan-bo.org\/wp-content\/uploads\/2026\/01\/101-2026_TDR_AT_Asociatividad_Enlace_Comercial.pdf\" target=\"_blank\" rel=\"noopener\"><img decoding=\"async\" class=\"alignleft wp-image-6699\" src=\"https:\/\/www.fan-bo.org\/wp-content\/uploads\/2024\/11\/pdf-icon6-242x300.png\" alt=\"\" width=\"74\" height=\"91\" srcset=\"https:\/\/www.fan-bo.org\/wp-content\/uploads\/2024\/11\/pdf-icon6-242x300.png 242w, https:\/\/www.fan-bo.org\/wp-content\/uploads\/2024\/11\/pdf-icon6-825x1024.png 825w, https:\/\/www.fan-bo.org\/wp-content\/uploads\/2024\/11\/pdf-icon6-768x953.png 768w, https:\/\/www.fan-bo.org\/wp-content\/uploads\/2024\/11\/pdf-icon6-1238x1536.png 1238w, https:\/\/www.fan-bo.org\/wp-content\/uploads\/2024\/11\/pdf-icon6-300x372.png 300w, https:\/\/www.fan-bo.org\/wp-content\/uploads\/2024\/11\/pdf-icon6-600x744.png 600w, https:\/\/www.fan-bo.org\/wp-content\/uploads\/2024\/11\/pdf-icon6.png 1280w\" sizes=\"(max-width: 74px) 100vw, 74px\" \/><\/a><\/p>\n<p>Fecha de Publicaci\u00f3n:&nbsp; &nbsp;22\/01\/2026<br>Fecha de Presentaci\u00f3n: <strong>02\/02\/2026<\/strong><\/p>\n<\/td>\n<\/tr>\n<\/tbody>\n<\/table>\n<p style=\"text-align: center;\"><strong>101\/2026 Consultor\u00eda<\/strong><\/p>\n<p style=\"text-align: center;\"><strong>ASISTENCIA T\u00c9CNICA EN ASOCIATIVIDAD Y ENLACE COMERCIAL PARA<\/strong><\/p>\n<p style=\"text-align: center;\"><strong>COMUNIDADES DE LA CHIQUITAN\u00cdA<\/strong><\/p>\n<p><strong>Tipo de contrato:<\/strong> Consultor\u00eda<\/p>\n<p><strong>Plazo:<\/strong> 7 meses<\/p>\n<p><strong>Disponibilidad:<\/strong> Inmediata<\/p>\n<p><strong>Base del servicio:<\/strong> San Jos\u00e9 de Chiquitos o Robor\u00e9, con desplazamientos a comunidades&nbsp;chiquitanas<\/p>\n<p>La Fundaci\u00f3n Amigos de la Naturaleza (FAN), es una organizaci\u00f3n de la sociedad civil comprometida con la conservaci\u00f3n de la naturaleza, que desarrolla, promueve, con sustento t\u00e9cnico cient\u00edfico, caminos innovadores de desarrollo integral y sostenible. La visi\u00f3n de FAN es lograr que la sociedad asuma la conservaci\u00f3n de la naturaleza como base fundamental para alcanzar un desarrollo integral y sostenible. El impacto a largo plazo que buscamos en nuestra Teor\u00eda de Cambio es lograr que Bolivia valore, proteja y conserve su patrimonio natural y las funciones ambientales que sustentan los medios de vida y bienestar de su poblaci\u00f3n para el desarrollo sostenible y la resiliencia clim\u00e1tica.<\/p>\n<p>En el marco del Plan Estrat\u00e9gico Institucional (2021-2026) y los proyectos financiados por la Embajada de Suecia en Bolivia a trav\u00e9s de la Agencia Sueca de Desarrollo Internacional (ASDI), la Uni\u00f3n Europea en Bolivia y la Cooperaci\u00f3n Espa\u00f1ola en Bolivia, la Fundaci\u00f3n Amigos de la Naturaleza, a trav\u00e9s del Programa Cadenas de Valor y Producci\u00f3n Sostenible, lleva a cabo actividades para fortalecer la autogesti\u00f3n de asociaciones de productoras y productores y su articulaci\u00f3n con otros actores de la cadena, que permita mejorar su organizaci\u00f3n interna y su vinculaci\u00f3n progresiva con mercados locales y regionales.<\/p>\n<p>En este contexto, asociaciones productivas de los municipios de San Jos\u00e9 de Chiquitos y Robor\u00e9 requieren asistencia t\u00e9cnica para fortalecer su asociatividad, su gesti\u00f3n administrativa b\u00e1sica y su capacidad de relacionamiento comercial.<\/p><p><br><\/p>\n<p><\/p>\n<p><strong>Objetivo de la consultor\u00eda <\/strong><\/p>\n<p>Brindar asistencia t\u00e9cnica a asociaciones productivas de San Jos\u00e9 de Chiquitos y Robor\u00e9 para fortalecer su asociatividad, su gesti\u00f3n administrativa b\u00e1sica y su articulaci\u00f3n inicial con mercados.<\/p><p><br><\/p><p><strong>Productos esperados<\/strong><\/p>\n<ul>\n<li>Apoyo en la consolidaci\u00f3n de 8 nuevas asociaciones productivas en comunidades de San Jos\u00e9 de Chiquitos y Robor\u00e9, incluyendo el fortalecimiento de su organizaci\u00f3n interna.<\/li>\n<li>Asistencia t\u00e9cnica en la gesti\u00f3n administrativa b\u00e1sica de las asociaciones, incluyendo registros de socios, actas, y control simple de ingresos y gastos.<\/li>\n<li>Diagn\u00f3stico comercial simplificado de productos priorizados por las asociaciones, considerando vol\u00famenes aproximados, estacionalidad y mercados potenciales.<\/li>\n<li>Registro de gestiones de articulaci\u00f3n comercial realizadas con compradores locales o regionales.<\/li>\n<li>Asistencia t\u00e9cnica a 12 asociaciones productivas en comunidades de San Jos\u00e9 de Chiquitos y Robor\u00e9, en algunas de las siguientes etapas de la cadena productiva: recolecci\u00f3n, transformaci\u00f3n y comercializaci\u00f3n.<\/li>\n<li>Informe final de la consultor\u00eda que sistematice los avances en asociatividad y articulaci\u00f3n a mercados, lecciones aprendidas y recomendaciones.<\/li><\/ul><div><strong><br><\/strong><\/div><div><strong>Principales actividades<\/strong><\/div>\n<ul>\n<li>Acompa\u00f1amiento en procesos de organizaci\u00f3n, funcionamiento interno y toma de decisiones.<\/li>\n<li>Apoyo en la gesti\u00f3n administrativa b\u00e1sica de las asociaciones.<\/li>\n<li>Identificaci\u00f3n y contacto con compradores locales o regionales.<\/li>\n<li>Acompa\u00f1amiento en procesos iniciales de comercializaci\u00f3n.<\/li>\n<li>Asistencia t\u00e9cnica peri\u00f3dica a asociaciones productivas en comunidades.<\/li>\n<li>Coordinaci\u00f3n permanente con el equipo t\u00e9cnico de FAN, en especial con la Sub Gerente de Asociatividad y Emprendimientos sostenibles.<\/li>\n<\/ul><div><br><\/div>\n<p><strong>Perfil del(la) consultor(a) <\/strong><\/p>\n<ul>\n<li>Formaci\u00f3n universitaria en ingenier\u00eda forestal, ambiental, o carreras del \u00e1rea social, administrativas o afines.<\/li>\n<li>Experiencia de trabajo con organizaciones comunitarias, asociaciones productivas o comunidades rurales.<\/li>\n<li>Conocimiento del contexto social y productivo de la Chiquitan\u00eda, especialmente en relaci\u00f3n a productos del bosque.<\/li>\n<li>Capacidad para trabajo de campo y relacionamiento comunitario.<\/li>\n<li>Disponibilidad para tener base en la Chiquitania sur.<\/li>\n<\/ul><div><br><\/div>\n<p><strong>Instrucciones para postular <\/strong><\/p>\n<p>Los oferentes deber\u00e1n presentar una carta de motivaci\u00f3n, CV no documentado (experiencia general y espec\u00edfica y referencias), y una propuesta t\u00e9cnica y econ\u00f3mica (debe incluir metodolog\u00eda, actividades propuestas y cronograma de manera resumida).<\/p>\n<p>El monto propuesto en bolivianos debe considerar gastos de log\u00edstica para desplazarse a las comunidades, los impuestos de ley y que debe presentar los pagos mensuales de Aportes de Consultor\u00eda a la Gestora de Pensiones. FAN cubrir\u00e1 costos de reuniones y talleres con las asociaciones.<\/p>\n<p>Las postulaciones se recibir\u00e1n hasta el lunes 2 de febrero de 2026 a la direcci\u00f3n de correo: contrataciones@fan-bo.org<\/p>\n<p>La evaluaci\u00f3n de propuestas se realizar\u00e1 considerando los siguientes aspectos y puntajes:<\/p>\n<p>30% experiencia de la persona&nbsp;<\/p>\n<p>40% calidad de la propuesta t\u00e9cnica<\/p>\n<p>30% propuesta econ\u00f3mica<\/p>\t\t\t\t\t\t\t\t<\/div>\n\t\t\t\t<\/div>\n\t\t\t\t\t<\/div>\n\t\t<\/div>\n\t\t\t\t<div class=\"elementor-column elementor-col-50 elementor-top-column elementor-element elementor-element-362adfec\" data-id=\"362adfec\" data-element_type=\"column\" data-e-type=\"column\">\n\t\t\t<div class=\"elementor-widget-wrap elementor-element-populated\">\n\t\t\t\t\t\t<section class=\"elementor-section elementor-inner-section elementor-element elementor-element-3ad1208d elementor-section-boxed elementor-section-height-default elementor-section-height-default\" data-id=\"3ad1208d\" data-element_type=\"section\" data-e-type=\"section\" data-settings=\"{&quot;background_background&quot;:&quot;classic&quot;,&quot;ekit_has_onepagescroll_dot&quot;:&quot;yes&quot;}\">\n\t\t\t\t\t\t<div class=\"elementor-container elementor-column-gap-no\">\n\t\t\t\t\t<div class=\"elementor-column elementor-col-100 elementor-inner-column elementor-element elementor-element-20600939\" data-id=\"20600939\" data-element_type=\"column\" data-e-type=\"column\">\n\t\t\t<div class=\"elementor-widget-wrap elementor-element-populated\">\n\t\t\t\t\t\t<div class=\"elementor-element elementor-element-1373b803 elementor-widget-divider--view-line elementor-widget elementor-widget-divider\" data-id=\"1373b803\" data-element_type=\"widget\" data-e-type=\"widget\" data-settings=\"{&quot;ekit_we_effect_on&quot;:&quot;none&quot;}\" data-widget_type=\"divider.default\">\n\t\t\t\t<div class=\"elementor-widget-container\">\n\t\t\t\t\t\t\t<div class=\"elementor-divider\">\n\t\t\t<span class=\"elementor-divider-separator\">\n\t\t\t\t\t\t<\/span>\n\t\t<\/div>\n\t\t\t\t\t\t<\/div>\n\t\t\t\t<\/div>\n\t\t\t\t<div class=\"elementor-element elementor-element-48ec8fc elementor-grid-1 elementor-posts--thumbnail-left elementor-grid-tablet-2 elementor-grid-mobile-1 elementor-widget elementor-widget-posts\" data-id=\"48ec8fc\" data-element_type=\"widget\" data-e-type=\"widget\" data-settings=\"{&quot;classic_columns&quot;:&quot;1&quot;,&quot;classic_row_gap&quot;:{&quot;unit&quot;:&quot;px&quot;,&quot;size&quot;:10,&quot;sizes&quot;:[]},&quot;classic_columns_tablet&quot;:&quot;2&quot;,&quot;classic_columns_mobile&quot;:&quot;1&quot;,&quot;classic_row_gap_tablet&quot;:{&quot;unit&quot;:&quot;px&quot;,&quot;size&quot;:&quot;&quot;,&quot;sizes&quot;:[]},&quot;classic_row_gap_mobile&quot;:{&quot;unit&quot;:&quot;px&quot;,&quot;size&quot;:&quot;&quot;,&quot;sizes&quot;:[]},&quot;ekit_we_effect_on&quot;:&quot;none&quot;}\" data-widget_type=\"posts.classic\">\n\t\t\t\t<div class=\"elementor-widget-container\">\n\t\t\t\t\t\t\t<div class=\"elementor-posts-container elementor-posts elementor-posts--skin-classic elementor-grid\" role=\"list\">\r\n\t\t\t\t<article class=\"elementor-post elementor-grid-item post-8060 post type-post status-publish format-standard has-post-thumbnail hentry category-consultorias category-convocatorias\" role=\"listitem\">\r\n\t\t\t\t<a class=\"elementor-post__thumbnail__link\" href=\"https:\/\/www.fan-bo.org\/index.php\/2026\/04\/28\/ref-301-2026-produccion-audiovisual\/\" tabindex=\"-1\" >\r\n\t\t\t<div class=\"elementor-post__thumbnail\"><img decoding=\"async\" width=\"1410\" height=\"1182\" src=\"https:\/\/www.fan-bo.org\/wp-content\/uploads\/2026\/04\/Convocatoria-301-2026-1.png\" class=\"attachment-full size-full wp-image-8055\" alt=\"\" srcset=\"https:\/\/www.fan-bo.org\/wp-content\/uploads\/2026\/04\/Convocatoria-301-2026-1.png 1410w, https:\/\/www.fan-bo.org\/wp-content\/uploads\/2026\/04\/Convocatoria-301-2026-1-300x251.png 300w, https:\/\/www.fan-bo.org\/wp-content\/uploads\/2026\/04\/Convocatoria-301-2026-1-1024x858.png 1024w, https:\/\/www.fan-bo.org\/wp-content\/uploads\/2026\/04\/Convocatoria-301-2026-1-768x644.png 768w, https:\/\/www.fan-bo.org\/wp-content\/uploads\/2026\/04\/Convocatoria-301-2026-1-1320x1107.png 1320w, https:\/\/www.fan-bo.org\/wp-content\/uploads\/2026\/04\/Convocatoria-301-2026-1-600x503.png 600w\" sizes=\"(max-width: 1410px) 100vw, 1410px\" \/><\/div>\r\n\t\t<\/a>\r\n\t\t\t\t<div class=\"elementor-post__text\">\r\n\t\t\t\t<h6 class=\"elementor-post__title\">\r\n\t\t\t<a href=\"https:\/\/www.fan-bo.org\/index.php\/2026\/04\/28\/ref-301-2026-produccion-audiovisual\/\" >\r\n\t\t\t\tRef: 301\/2026 &#8211; Producci\u00f3n audiovisual\t\t\t<\/a>\r\n\t\t<\/h6>\r\n\t\t\t\t<div class=\"elementor-post__meta-data\">\r\n\t\t\t\t\t<span class=\"elementor-post-date\">\r\n\t\t\tabril 28, 2026\t\t<\/span>\r\n\t\t\t\t<\/div>\r\n\t\t\t\t<\/div>\r\n\t\t\t\t<\/article>\r\n\t\t\t\t<article class=\"elementor-post elementor-grid-item post-8036 post type-post status-publish format-standard has-post-thumbnail hentry category-consultorias category-convocatorias\" role=\"listitem\">\r\n\t\t\t\t<a class=\"elementor-post__thumbnail__link\" href=\"https:\/\/www.fan-bo.org\/index.php\/2026\/04\/23\/ref-107-109-110-2026-promotor-monte-amazonico-gerente-de-gestion-facilitador-chiquitana-sur-pantanal\/\" tabindex=\"-1\" >\r\n\t\t\t<div class=\"elementor-post__thumbnail\"><img loading=\"lazy\" decoding=\"async\" width=\"1410\" height=\"1182\" src=\"https:\/\/www.fan-bo.org\/wp-content\/uploads\/2026\/04\/Convocatoria-107-110.png\" class=\"attachment-full size-full wp-image-8017\" alt=\"\" srcset=\"https:\/\/www.fan-bo.org\/wp-content\/uploads\/2026\/04\/Convocatoria-107-110.png 1410w, https:\/\/www.fan-bo.org\/wp-content\/uploads\/2026\/04\/Convocatoria-107-110-300x251.png 300w, https:\/\/www.fan-bo.org\/wp-content\/uploads\/2026\/04\/Convocatoria-107-110-1024x858.png 1024w, https:\/\/www.fan-bo.org\/wp-content\/uploads\/2026\/04\/Convocatoria-107-110-768x644.png 768w, https:\/\/www.fan-bo.org\/wp-content\/uploads\/2026\/04\/Convocatoria-107-110-1320x1107.png 1320w, https:\/\/www.fan-bo.org\/wp-content\/uploads\/2026\/04\/Convocatoria-107-110-600x503.png 600w\" sizes=\"(max-width: 1410px) 100vw, 1410px\" \/><\/div>\r\n\t\t<\/a>\r\n\t\t\t\t<div class=\"elementor-post__text\">\r\n\t\t\t\t<h6 class=\"elementor-post__title\">\r\n\t\t\t<a href=\"https:\/\/www.fan-bo.org\/index.php\/2026\/04\/23\/ref-107-109-110-2026-promotor-monte-amazonico-gerente-de-gestion-facilitador-chiquitana-sur-pantanal\/\" >\r\n\t\t\t\tRef: 107-109-110\/2026 &#8211; Promotor Monte Amaz\u00f3nico &#8211; Gerente de Gesti\u00f3n &#8211; Facilitador Chiquitana Sur Pantanal\t\t\t<\/a>\r\n\t\t<\/h6>\r\n\t\t\t\t<div class=\"elementor-post__meta-data\">\r\n\t\t\t\t\t<span class=\"elementor-post-date\">\r\n\t\t\tabril 23, 2026\t\t<\/span>\r\n\t\t\t\t<\/div>\r\n\t\t\t\t<\/div>\r\n\t\t\t\t<\/article>\r\n\t\t\t\t<article class=\"elementor-post elementor-grid-item post-7996 post type-post status-publish format-standard has-post-thumbnail hentry category-consultorias category-convocatorias\" role=\"listitem\">\r\n\t\t\t\t<a class=\"elementor-post__thumbnail__link\" href=\"https:\/\/www.fan-bo.org\/index.php\/2026\/04\/07\/ref-203-204-205-2026-epp-herramientas-kit-de-ataque-rapido-dron\/\" tabindex=\"-1\" >\r\n\t\t\t<div class=\"elementor-post__thumbnail\"><img loading=\"lazy\" decoding=\"async\" width=\"1410\" height=\"1182\" src=\"https:\/\/www.fan-bo.org\/wp-content\/uploads\/2026\/04\/Convocatoria-203-2025.png\" class=\"attachment-full size-full wp-image-7972\" alt=\"\" srcset=\"https:\/\/www.fan-bo.org\/wp-content\/uploads\/2026\/04\/Convocatoria-203-2025.png 1410w, https:\/\/www.fan-bo.org\/wp-content\/uploads\/2026\/04\/Convocatoria-203-2025-300x251.png 300w, https:\/\/www.fan-bo.org\/wp-content\/uploads\/2026\/04\/Convocatoria-203-2025-1024x858.png 1024w, https:\/\/www.fan-bo.org\/wp-content\/uploads\/2026\/04\/Convocatoria-203-2025-768x644.png 768w, https:\/\/www.fan-bo.org\/wp-content\/uploads\/2026\/04\/Convocatoria-203-2025-1320x1107.png 1320w, https:\/\/www.fan-bo.org\/wp-content\/uploads\/2026\/04\/Convocatoria-203-2025-600x503.png 600w\" sizes=\"(max-width: 1410px) 100vw, 1410px\" \/><\/div>\r\n\t\t<\/a>\r\n\t\t\t\t<div class=\"elementor-post__text\">\r\n\t\t\t\t<h6 class=\"elementor-post__title\">\r\n\t\t\t<a href=\"https:\/\/www.fan-bo.org\/index.php\/2026\/04\/07\/ref-203-204-205-2026-epp-herramientas-kit-de-ataque-rapido-dron\/\" >\r\n\t\t\t\tRef: 203-204-205\/2026 &#8211; EPP + Herramientas &#8211; Kit de Ataque R\u00e1pido &#8211; Dron\t\t\t<\/a>\r\n\t\t<\/h6>\r\n\t\t\t\t<div class=\"elementor-post__meta-data\">\r\n\t\t\t\t\t<span class=\"elementor-post-date\">\r\n\t\t\tabril 7, 2026\t\t<\/span>\r\n\t\t\t\t<\/div>\r\n\t\t\t\t<\/div>\r\n\t\t\t\t<\/article>\r\n\t\t\t\t<article class=\"elementor-post elementor-grid-item post-7907 post type-post status-publish format-standard has-post-thumbnail hentry category-consultorias category-convocatorias\" role=\"listitem\">\r\n\t\t\t\t<a class=\"elementor-post__thumbnail__link\" href=\"https:\/\/www.fan-bo.org\/index.php\/2026\/02\/10\/ref-402-2026-cargo-disponible-tecnico-sig-agua-y-funciones-ecosistemicas\/\" tabindex=\"-1\" >\r\n\t\t\t<div class=\"elementor-post__thumbnail\"><img loading=\"lazy\" decoding=\"async\" width=\"800\" height=\"671\" src=\"https:\/\/www.fan-bo.org\/wp-content\/uploads\/2026\/02\/Convocatoria-402-2026.jpg\" class=\"attachment-full size-full wp-image-7896\" alt=\"\" srcset=\"https:\/\/www.fan-bo.org\/wp-content\/uploads\/2026\/02\/Convocatoria-402-2026.jpg 800w, https:\/\/www.fan-bo.org\/wp-content\/uploads\/2026\/02\/Convocatoria-402-2026-300x252.jpg 300w, https:\/\/www.fan-bo.org\/wp-content\/uploads\/2026\/02\/Convocatoria-402-2026-768x644.jpg 768w, https:\/\/www.fan-bo.org\/wp-content\/uploads\/2026\/02\/Convocatoria-402-2026-600x503.jpg 600w\" sizes=\"(max-width: 800px) 100vw, 800px\" \/><\/div>\r\n\t\t<\/a>\r\n\t\t\t\t<div class=\"elementor-post__text\">\r\n\t\t\t\t<h6 class=\"elementor-post__title\">\r\n\t\t\t<a href=\"https:\/\/www.fan-bo.org\/index.php\/2026\/02\/10\/ref-402-2026-cargo-disponible-tecnico-sig-agua-y-funciones-ecosistemicas\/\" >\r\n\t\t\t\tRef: 402\/2026 &#8211; Cargo disponible: T\u00e9cnico SIG Agua y funciones ecosist\u00e9micas\t\t\t<\/a>\r\n\t\t<\/h6>\r\n\t\t\t\t<div class=\"elementor-post__meta-data\">\r\n\t\t\t\t\t<span class=\"elementor-post-date\">\r\n\t\t\tfebrero 10, 2026\t\t<\/span>\r\n\t\t\t\t<\/div>\r\n\t\t\t\t<\/div>\r\n\t\t\t\t<\/article>\r\n\t\t\t\t<\/div>\r\n\t\t\r\n\t\t\t\t\t\t<\/div>\n\t\t\t\t<\/div>\n\t\t\t\t\t<\/div>\n\t\t<\/div>\n\t\t\t\t\t<\/div>\n\t\t<\/section>\n\t\t\t\t\t<\/div>\n\t\t<\/div>\n\t\t\t\t\t<\/div>\n\t\t<\/section>\n\t\t<div class=\"elementor-element elementor-element-42676e7c e-flex e-con-boxed e-con e-parent\" data-id=\"42676e7c\" data-element_type=\"container\" data-e-type=\"container\" data-settings=\"{&quot;ekit_has_onepagescroll_dot&quot;:&quot;yes&quot;}\">\n\t\t\t\t\t<div class=\"e-con-inner\">\n\t\t<div class=\"elementor-element elementor-element-25b36f3a e-con-full e-flex e-con e-child\" data-id=\"25b36f3a\" data-element_type=\"container\" data-e-type=\"container\" data-settings=\"{&quot;ekit_has_onepagescroll_dot&quot;:&quot;yes&quot;}\">\n\t\t\t\t<div class=\"elementor-element elementor-element-1e967c9c elementor-post-navigation-borders-yes elementor-widget elementor-widget-post-navigation\" data-id=\"1e967c9c\" data-element_type=\"widget\" data-e-type=\"widget\" data-settings=\"{&quot;ekit_we_effect_on&quot;:&quot;none&quot;}\" data-widget_type=\"post-navigation.default\">\n\t\t\t\t<div class=\"elementor-widget-container\">\n\t\t\t\t\t\t\t<div class=\"elementor-post-navigation\" role=\"navigation\" aria-label=\"Post Navigation\">\r\n\t\t\t<div class=\"elementor-post-navigation__prev elementor-post-navigation__link\">\r\n\t\t\t\t<a href=\"https:\/\/www.fan-bo.org\/index.php\/2026\/01\/27\/ref-201-2026-equipos-de-proteccion-personal-y-herramientas-para-combate-de-incendios-forestales\/\" rel=\"prev\"><span class=\"post-navigation__arrow-wrapper post-navigation__arrow-prev\"><i aria-hidden=\"true\" class=\"fas fa-angle-left\"><\/i><span class=\"elementor-screen-only\">Prev<\/span><\/span><span class=\"elementor-post-navigation__link__prev\"><span class=\"post-navigation__prev--label\">Anterior<\/span><span class=\"post-navigation__prev--title\">Ref: 201 y 202 \/2026 Equipos, Herramientas y Kit de Ataque R\u00e1pido para Incendios Forestales<\/span><\/span><\/a>\t\t\t<\/div>\r\n\t\t\t\t\t\t\t<div class=\"elementor-post-navigation__separator-wrapper\">\r\n\t\t\t\t\t<div class=\"elementor-post-navigation__separator\"><\/div>\r\n\t\t\t\t<\/div>\r\n\t\t\t\t\t\t<div class=\"elementor-post-navigation__next elementor-post-navigation__link\">\r\n\t\t\t\t<a href=\"https:\/\/www.fan-bo.org\/index.php\/2026\/04\/07\/ref-203-204-205-2026-epp-herramientas-kit-de-ataque-rapido-dron\/\" rel=\"next\"><span class=\"elementor-post-navigation__link__next\"><span class=\"post-navigation__next--label\">Siguiente<\/span><span class=\"post-navigation__next--title\">Ref: 203-204-205\/2026 &#8211; EPP + Herramientas &#8211; Kit de Ataque R\u00e1pido &#8211; Dron<\/span><\/span><span class=\"post-navigation__arrow-wrapper post-navigation__arrow-next\"><i aria-hidden=\"true\" class=\"fas fa-angle-right\"><\/i><span class=\"elementor-screen-only\">Next<\/span><\/span><\/a>\t\t\t<\/div>\r\n\t\t<\/div>\r\n\t\t\t\t\t\t<\/div>\n\t\t\t\t<\/div>\n\t\t\t\t<\/div>\n\t\t\t\t\t<\/div>\n\t\t\t\t<\/div>\n\t\t\t\t<\/div>\n\t\t","protected":false},"excerpt":{"rendered":"<p>T\u00e9rminos de Referencia (TDR): 1. Ref: 101\/2026 &#8211; Consultor\u00eda Asistencia T\u00e9cnica en Asociatividad y Enlace Comercial para Comunidades de la Chiquitan\u00eda Fecha de Publicaci\u00f3n:&nbsp; &nbsp;22\/01\/2026Fecha<\/p>\n","protected":false},"author":1,"featured_media":7854,"comment_status":"closed","ping_status":"closed","sticky":false,"template":"","format":"standard","meta":{"_jetpack_memberships_contains_paid_content":false,"footnotes":""},"categories":[48,51],"tags":[],"class_list":["post-7863","post","type-post","status-publish","format-standard","has-post-thumbnail","hentry","category-consultorias","category-convocatorias"],"yoast_head":"<!-- This site is optimized with the Yoast SEO plugin v27.5 - https:\/\/yoast.com\/product\/yoast-seo-wordpress\/ -->\n<title>Ref: 101\/2026 \u2013 Consultor\u00eda Asistencia T\u00e9cnica en Asociatividad y Enlace Comercial para Comunidades de la Chiquitan\u00eda - FAN<\/title>\n<meta name=\"robots\" content=\"index, follow, max-snippet:-1, max-image-preview:large, max-video-preview:-1\" \/>\n<link rel=\"canonical\" href=\"https:\/\/www.fan-bo.org\/index.php\/2026\/01\/22\/ref-101-2026-consultoria-asistencia-tecnica-en-asociatividad-y-enlace-comercial-para-comunidades-de-la-chiquitania\/\" \/>\n<meta property=\"og:locale\" content=\"es_ES\" \/>\n<meta property=\"og:type\" content=\"article\" \/>\n<meta property=\"og:title\" content=\"Ref: 101\/2026 \u2013 Consultor\u00eda Asistencia T\u00e9cnica en Asociatividad y Enlace Comercial para Comunidades de la Chiquitan\u00eda - FAN\" \/>\n<meta property=\"og:description\" content=\"T\u00e9rminos de Referencia (TDR): 1. Ref: 101\/2026 &#8211; Consultor\u00eda Asistencia T\u00e9cnica en Asociatividad y Enlace Comercial para Comunidades de la Chiquitan\u00eda Fecha de Publicaci\u00f3n:&nbsp; &nbsp;22\/01\/2026Fecha\" \/>\n<meta property=\"og:url\" content=\"https:\/\/www.fan-bo.org\/index.php\/2026\/01\/22\/ref-101-2026-consultoria-asistencia-tecnica-en-asociatividad-y-enlace-comercial-para-comunidades-de-la-chiquitania\/\" \/>\n<meta property=\"og:site_name\" content=\"FAN\" \/>\n<meta property=\"article:published_time\" content=\"2026-01-22T16:17:56+00:00\" \/>\n<meta property=\"article:modified_time\" content=\"2026-01-22T16:21:25+00:00\" \/>\n<meta property=\"og:image\" content=\"https:\/\/www.fan-bo.org\/wp-content\/uploads\/2026\/01\/Convocatoria-101.2026.jpg\" \/>\n\t<meta property=\"og:image:width\" content=\"800\" \/>\n\t<meta property=\"og:image:height\" content=\"671\" \/>\n\t<meta property=\"og:image:type\" content=\"image\/jpeg\" \/>\n<meta name=\"author\" content=\"fadm\" \/>\n<meta name=\"twitter:card\" content=\"summary_large_image\" \/>\n<meta name=\"twitter:label1\" content=\"Escrito por\" \/>\n\t<meta name=\"twitter:data1\" content=\"fadm\" \/>\n\t<meta name=\"twitter:label2\" content=\"Tiempo de lectura\" \/>\n\t<meta name=\"twitter:data2\" content=\"5 minutos\" \/>\n<script type=\"application\/ld+json\" class=\"yoast-schema-graph\">{\"@context\":\"https:\\\/\\\/schema.org\",\"@graph\":[{\"@type\":\"Article\",\"@id\":\"https:\\\/\\\/www.fan-bo.org\\\/index.php\\\/2026\\\/01\\\/22\\\/ref-101-2026-consultoria-asistencia-tecnica-en-asociatividad-y-enlace-comercial-para-comunidades-de-la-chiquitania\\\/#article\",\"isPartOf\":{\"@id\":\"https:\\\/\\\/www.fan-bo.org\\\/index.php\\\/2026\\\/01\\\/22\\\/ref-101-2026-consultoria-asistencia-tecnica-en-asociatividad-y-enlace-comercial-para-comunidades-de-la-chiquitania\\\/\"},\"author\":{\"name\":\"fadm\",\"@id\":\"https:\\\/\\\/www.fan-bo.org\\\/#\\\/schema\\\/person\\\/d7341145be321c0d7f20bf70a8f109ac\"},\"headline\":\"Ref: 101\\\/2026 \u2013 Consultor\u00eda Asistencia T\u00e9cnica en Asociatividad y Enlace Comercial para Comunidades de la Chiquitan\u00eda\",\"datePublished\":\"2026-01-22T16:17:56+00:00\",\"dateModified\":\"2026-01-22T16:21:25+00:00\",\"mainEntityOfPage\":{\"@id\":\"https:\\\/\\\/www.fan-bo.org\\\/index.php\\\/2026\\\/01\\\/22\\\/ref-101-2026-consultoria-asistencia-tecnica-en-asociatividad-y-enlace-comercial-para-comunidades-de-la-chiquitania\\\/\"},\"wordCount\":796,\"publisher\":{\"@id\":\"https:\\\/\\\/www.fan-bo.org\\\/#organization\"},\"image\":{\"@id\":\"https:\\\/\\\/www.fan-bo.org\\\/index.php\\\/2026\\\/01\\\/22\\\/ref-101-2026-consultoria-asistencia-tecnica-en-asociatividad-y-enlace-comercial-para-comunidades-de-la-chiquitania\\\/#primaryimage\"},\"thumbnailUrl\":\"https:\\\/\\\/www.fan-bo.org\\\/wp-content\\\/uploads\\\/2026\\\/01\\\/Convocatoria-101.2026.jpg\",\"articleSection\":[\"Consultor\u00edas\",\"Convocatorias\"],\"inLanguage\":\"es\"},{\"@type\":\"WebPage\",\"@id\":\"https:\\\/\\\/www.fan-bo.org\\\/index.php\\\/2026\\\/01\\\/22\\\/ref-101-2026-consultoria-asistencia-tecnica-en-asociatividad-y-enlace-comercial-para-comunidades-de-la-chiquitania\\\/\",\"url\":\"https:\\\/\\\/www.fan-bo.org\\\/index.php\\\/2026\\\/01\\\/22\\\/ref-101-2026-consultoria-asistencia-tecnica-en-asociatividad-y-enlace-comercial-para-comunidades-de-la-chiquitania\\\/\",\"name\":\"Ref: 101\\\/2026 \u2013 Consultor\u00eda Asistencia T\u00e9cnica en Asociatividad y Enlace Comercial para Comunidades de la Chiquitan\u00eda - FAN\",\"isPartOf\":{\"@id\":\"https:\\\/\\\/www.fan-bo.org\\\/#website\"},\"primaryImageOfPage\":{\"@id\":\"https:\\\/\\\/www.fan-bo.org\\\/index.php\\\/2026\\\/01\\\/22\\\/ref-101-2026-consultoria-asistencia-tecnica-en-asociatividad-y-enlace-comercial-para-comunidades-de-la-chiquitania\\\/#primaryimage\"},\"image\":{\"@id\":\"https:\\\/\\\/www.fan-bo.org\\\/index.php\\\/2026\\\/01\\\/22\\\/ref-101-2026-consultoria-asistencia-tecnica-en-asociatividad-y-enlace-comercial-para-comunidades-de-la-chiquitania\\\/#primaryimage\"},\"thumbnailUrl\":\"https:\\\/\\\/www.fan-bo.org\\\/wp-content\\\/uploads\\\/2026\\\/01\\\/Convocatoria-101.2026.jpg\",\"datePublished\":\"2026-01-22T16:17:56+00:00\",\"dateModified\":\"2026-01-22T16:21:25+00:00\",\"breadcrumb\":{\"@id\":\"https:\\\/\\\/www.fan-bo.org\\\/index.php\\\/2026\\\/01\\\/22\\\/ref-101-2026-consultoria-asistencia-tecnica-en-asociatividad-y-enlace-comercial-para-comunidades-de-la-chiquitania\\\/#breadcrumb\"},\"inLanguage\":\"es\",\"potentialAction\":[{\"@type\":\"ReadAction\",\"target\":[\"https:\\\/\\\/www.fan-bo.org\\\/index.php\\\/2026\\\/01\\\/22\\\/ref-101-2026-consultoria-asistencia-tecnica-en-asociatividad-y-enlace-comercial-para-comunidades-de-la-chiquitania\\\/\"]}]},{\"@type\":\"ImageObject\",\"inLanguage\":\"es\",\"@id\":\"https:\\\/\\\/www.fan-bo.org\\\/index.php\\\/2026\\\/01\\\/22\\\/ref-101-2026-consultoria-asistencia-tecnica-en-asociatividad-y-enlace-comercial-para-comunidades-de-la-chiquitania\\\/#primaryimage\",\"url\":\"https:\\\/\\\/www.fan-bo.org\\\/wp-content\\\/uploads\\\/2026\\\/01\\\/Convocatoria-101.2026.jpg\",\"contentUrl\":\"https:\\\/\\\/www.fan-bo.org\\\/wp-content\\\/uploads\\\/2026\\\/01\\\/Convocatoria-101.2026.jpg\",\"width\":800,\"height\":671},{\"@type\":\"BreadcrumbList\",\"@id\":\"https:\\\/\\\/www.fan-bo.org\\\/index.php\\\/2026\\\/01\\\/22\\\/ref-101-2026-consultoria-asistencia-tecnica-en-asociatividad-y-enlace-comercial-para-comunidades-de-la-chiquitania\\\/#breadcrumb\",\"itemListElement\":[{\"@type\":\"ListItem\",\"position\":1,\"name\":\"Portada\",\"item\":\"https:\\\/\\\/www.fan-bo.org\\\/\"},{\"@type\":\"ListItem\",\"position\":2,\"name\":\"Ref: 101\\\/2026 \u2013 Consultor\u00eda Asistencia T\u00e9cnica en Asociatividad y Enlace Comercial para Comunidades de la Chiquitan\u00eda\"}]},{\"@type\":\"WebSite\",\"@id\":\"https:\\\/\\\/www.fan-bo.org\\\/#website\",\"url\":\"https:\\\/\\\/www.fan-bo.org\\\/\",\"name\":\"FAN\",\"description\":\"Fundaci\u00f3n Amigos de la Naturaleza\",\"publisher\":{\"@id\":\"https:\\\/\\\/www.fan-bo.org\\\/#organization\"},\"potentialAction\":[{\"@type\":\"SearchAction\",\"target\":{\"@type\":\"EntryPoint\",\"urlTemplate\":\"https:\\\/\\\/www.fan-bo.org\\\/?s={search_term_string}\"},\"query-input\":{\"@type\":\"PropertyValueSpecification\",\"valueRequired\":true,\"valueName\":\"search_term_string\"}}],\"inLanguage\":\"es\"},{\"@type\":\"Organization\",\"@id\":\"https:\\\/\\\/www.fan-bo.org\\\/#organization\",\"name\":\"FAN\",\"url\":\"https:\\\/\\\/www.fan-bo.org\\\/\",\"logo\":{\"@type\":\"ImageObject\",\"inLanguage\":\"es\",\"@id\":\"https:\\\/\\\/www.fan-bo.org\\\/#\\\/schema\\\/logo\\\/image\\\/\",\"url\":\"https:\\\/\\\/www.fan-bo.org\\\/wp-content\\\/uploads\\\/2023\\\/10\\\/LOGO-FAN-COMPLETO-sin-borde-1.svg\",\"contentUrl\":\"https:\\\/\\\/www.fan-bo.org\\\/wp-content\\\/uploads\\\/2023\\\/10\\\/LOGO-FAN-COMPLETO-sin-borde-1.svg\",\"width\":692,\"height\":418,\"caption\":\"FAN\"},\"image\":{\"@id\":\"https:\\\/\\\/www.fan-bo.org\\\/#\\\/schema\\\/logo\\\/image\\\/\"}},{\"@type\":\"Person\",\"@id\":\"https:\\\/\\\/www.fan-bo.org\\\/#\\\/schema\\\/person\\\/d7341145be321c0d7f20bf70a8f109ac\",\"name\":\"fadm\",\"image\":{\"@type\":\"ImageObject\",\"inLanguage\":\"es\",\"@id\":\"https:\\\/\\\/secure.gravatar.com\\\/avatar\\\/6712d9484aed6b514a47d18bcde9f685b6359ffd506536bb6008f47f6bc33fe9?s=96&d=mm&r=g\",\"url\":\"https:\\\/\\\/secure.gravatar.com\\\/avatar\\\/6712d9484aed6b514a47d18bcde9f685b6359ffd506536bb6008f47f6bc33fe9?s=96&d=mm&r=g\",\"contentUrl\":\"https:\\\/\\\/secure.gravatar.com\\\/avatar\\\/6712d9484aed6b514a47d18bcde9f685b6359ffd506536bb6008f47f6bc33fe9?s=96&d=mm&r=g\",\"caption\":\"fadm\"},\"sameAs\":[\"https:\\\/\\\/www.fan-bo.org\"],\"url\":\"https:\\\/\\\/www.fan-bo.org\\\/index.php\\\/author\\\/fadm\\\/\"}]}<\/script>\n<!-- \/ Yoast SEO plugin. -->","yoast_head_json":{"title":"Ref: 101\/2026 \u2013 Consultor\u00eda Asistencia T\u00e9cnica en Asociatividad y Enlace Comercial para Comunidades de la Chiquitan\u00eda - FAN","robots":{"index":"index","follow":"follow","max-snippet":"max-snippet:-1","max-image-preview":"max-image-preview:large","max-video-preview":"max-video-preview:-1"},"canonical":"https:\/\/www.fan-bo.org\/index.php\/2026\/01\/22\/ref-101-2026-consultoria-asistencia-tecnica-en-asociatividad-y-enlace-comercial-para-comunidades-de-la-chiquitania\/","og_locale":"es_ES","og_type":"article","og_title":"Ref: 101\/2026 \u2013 Consultor\u00eda Asistencia T\u00e9cnica en Asociatividad y Enlace Comercial para Comunidades de la Chiquitan\u00eda - FAN","og_description":"T\u00e9rminos de Referencia (TDR): 1. Ref: 101\/2026 &#8211; Consultor\u00eda Asistencia T\u00e9cnica en Asociatividad y Enlace Comercial para Comunidades de la Chiquitan\u00eda Fecha de Publicaci\u00f3n:&nbsp; &nbsp;22\/01\/2026Fecha","og_url":"https:\/\/www.fan-bo.org\/index.php\/2026\/01\/22\/ref-101-2026-consultoria-asistencia-tecnica-en-asociatividad-y-enlace-comercial-para-comunidades-de-la-chiquitania\/","og_site_name":"FAN","article_published_time":"2026-01-22T16:17:56+00:00","article_modified_time":"2026-01-22T16:21:25+00:00","og_image":[{"width":800,"height":671,"url":"https:\/\/www.fan-bo.org\/wp-content\/uploads\/2026\/01\/Convocatoria-101.2026.jpg","type":"image\/jpeg"}],"author":"fadm","twitter_card":"summary_large_image","twitter_misc":{"Escrito por":"fadm","Tiempo de lectura":"5 minutos"},"schema":{"@context":"https:\/\/schema.org","@graph":[{"@type":"Article","@id":"https:\/\/www.fan-bo.org\/index.php\/2026\/01\/22\/ref-101-2026-consultoria-asistencia-tecnica-en-asociatividad-y-enlace-comercial-para-comunidades-de-la-chiquitania\/#article","isPartOf":{"@id":"https:\/\/www.fan-bo.org\/index.php\/2026\/01\/22\/ref-101-2026-consultoria-asistencia-tecnica-en-asociatividad-y-enlace-comercial-para-comunidades-de-la-chiquitania\/"},"author":{"name":"fadm","@id":"https:\/\/www.fan-bo.org\/#\/schema\/person\/d7341145be321c0d7f20bf70a8f109ac"},"headline":"Ref: 101\/2026 \u2013 Consultor\u00eda Asistencia T\u00e9cnica en Asociatividad y Enlace Comercial para Comunidades de la Chiquitan\u00eda","datePublished":"2026-01-22T16:17:56+00:00","dateModified":"2026-01-22T16:21:25+00:00","mainEntityOfPage":{"@id":"https:\/\/www.fan-bo.org\/index.php\/2026\/01\/22\/ref-101-2026-consultoria-asistencia-tecnica-en-asociatividad-y-enlace-comercial-para-comunidades-de-la-chiquitania\/"},"wordCount":796,"publisher":{"@id":"https:\/\/www.fan-bo.org\/#organization"},"image":{"@id":"https:\/\/www.fan-bo.org\/index.php\/2026\/01\/22\/ref-101-2026-consultoria-asistencia-tecnica-en-asociatividad-y-enlace-comercial-para-comunidades-de-la-chiquitania\/#primaryimage"},"thumbnailUrl":"https:\/\/www.fan-bo.org\/wp-content\/uploads\/2026\/01\/Convocatoria-101.2026.jpg","articleSection":["Consultor\u00edas","Convocatorias"],"inLanguage":"es"},{"@type":"WebPage","@id":"https:\/\/www.fan-bo.org\/index.php\/2026\/01\/22\/ref-101-2026-consultoria-asistencia-tecnica-en-asociatividad-y-enlace-comercial-para-comunidades-de-la-chiquitania\/","url":"https:\/\/www.fan-bo.org\/index.php\/2026\/01\/22\/ref-101-2026-consultoria-asistencia-tecnica-en-asociatividad-y-enlace-comercial-para-comunidades-de-la-chiquitania\/","name":"Ref: 101\/2026 \u2013 Consultor\u00eda Asistencia T\u00e9cnica en Asociatividad y Enlace Comercial para Comunidades de la Chiquitan\u00eda - FAN","isPartOf":{"@id":"https:\/\/www.fan-bo.org\/#website"},"primaryImageOfPage":{"@id":"https:\/\/www.fan-bo.org\/index.php\/2026\/01\/22\/ref-101-2026-consultoria-asistencia-tecnica-en-asociatividad-y-enlace-comercial-para-comunidades-de-la-chiquitania\/#primaryimage"},"image":{"@id":"https:\/\/www.fan-bo.org\/index.php\/2026\/01\/22\/ref-101-2026-consultoria-asistencia-tecnica-en-asociatividad-y-enlace-comercial-para-comunidades-de-la-chiquitania\/#primaryimage"},"thumbnailUrl":"https:\/\/www.fan-bo.org\/wp-content\/uploads\/2026\/01\/Convocatoria-101.2026.jpg","datePublished":"2026-01-22T16:17:56+00:00","dateModified":"2026-01-22T16:21:25+00:00","breadcrumb":{"@id":"https:\/\/www.fan-bo.org\/index.php\/2026\/01\/22\/ref-101-2026-consultoria-asistencia-tecnica-en-asociatividad-y-enlace-comercial-para-comunidades-de-la-chiquitania\/#breadcrumb"},"inLanguage":"es","potentialAction":[{"@type":"ReadAction","target":["https:\/\/www.fan-bo.org\/index.php\/2026\/01\/22\/ref-101-2026-consultoria-asistencia-tecnica-en-asociatividad-y-enlace-comercial-para-comunidades-de-la-chiquitania\/"]}]},{"@type":"ImageObject","inLanguage":"es","@id":"https:\/\/www.fan-bo.org\/index.php\/2026\/01\/22\/ref-101-2026-consultoria-asistencia-tecnica-en-asociatividad-y-enlace-comercial-para-comunidades-de-la-chiquitania\/#primaryimage","url":"https:\/\/www.fan-bo.org\/wp-content\/uploads\/2026\/01\/Convocatoria-101.2026.jpg","contentUrl":"https:\/\/www.fan-bo.org\/wp-content\/uploads\/2026\/01\/Convocatoria-101.2026.jpg","width":800,"height":671},{"@type":"BreadcrumbList","@id":"https:\/\/www.fan-bo.org\/index.php\/2026\/01\/22\/ref-101-2026-consultoria-asistencia-tecnica-en-asociatividad-y-enlace-comercial-para-comunidades-de-la-chiquitania\/#breadcrumb","itemListElement":[{"@type":"ListItem","position":1,"name":"Portada","item":"https:\/\/www.fan-bo.org\/"},{"@type":"ListItem","position":2,"name":"Ref: 101\/2026 \u2013 Consultor\u00eda Asistencia T\u00e9cnica en Asociatividad y Enlace Comercial para Comunidades de la Chiquitan\u00eda"}]},{"@type":"WebSite","@id":"https:\/\/www.fan-bo.org\/#website","url":"https:\/\/www.fan-bo.org\/","name":"FAN","description":"Fundaci\u00f3n Amigos de la Naturaleza","publisher":{"@id":"https:\/\/www.fan-bo.org\/#organization"},"potentialAction":[{"@type":"SearchAction","target":{"@type":"EntryPoint","urlTemplate":"https:\/\/www.fan-bo.org\/?s={search_term_string}"},"query-input":{"@type":"PropertyValueSpecification","valueRequired":true,"valueName":"search_term_string"}}],"inLanguage":"es"},{"@type":"Organization","@id":"https:\/\/www.fan-bo.org\/#organization","name":"FAN","url":"https:\/\/www.fan-bo.org\/","logo":{"@type":"ImageObject","inLanguage":"es","@id":"https:\/\/www.fan-bo.org\/#\/schema\/logo\/image\/","url":"https:\/\/www.fan-bo.org\/wp-content\/uploads\/2023\/10\/LOGO-FAN-COMPLETO-sin-borde-1.svg","contentUrl":"https:\/\/www.fan-bo.org\/wp-content\/uploads\/2023\/10\/LOGO-FAN-COMPLETO-sin-borde-1.svg","width":692,"height":418,"caption":"FAN"},"image":{"@id":"https:\/\/www.fan-bo.org\/#\/schema\/logo\/image\/"}},{"@type":"Person","@id":"https:\/\/www.fan-bo.org\/#\/schema\/person\/d7341145be321c0d7f20bf70a8f109ac","name":"fadm","image":{"@type":"ImageObject","inLanguage":"es","@id":"https:\/\/secure.gravatar.com\/avatar\/6712d9484aed6b514a47d18bcde9f685b6359ffd506536bb6008f47f6bc33fe9?s=96&d=mm&r=g","url":"https:\/\/secure.gravatar.com\/avatar\/6712d9484aed6b514a47d18bcde9f685b6359ffd506536bb6008f47f6bc33fe9?s=96&d=mm&r=g","contentUrl":"https:\/\/secure.gravatar.com\/avatar\/6712d9484aed6b514a47d18bcde9f685b6359ffd506536bb6008f47f6bc33fe9?s=96&d=mm&r=g","caption":"fadm"},"sameAs":["https:\/\/www.fan-bo.org"],"url":"https:\/\/www.fan-bo.org\/index.php\/author\/fadm\/"}]}},"jetpack_featured_media_url":"https:\/\/www.fan-bo.org\/wp-content\/uploads\/2026\/01\/Convocatoria-101.2026.jpg","jetpack_sharing_enabled":true,"_links":{"self":[{"href":"https:\/\/www.fan-bo.org\/index.php\/wp-json\/wp\/v2\/posts\/7863","targetHints":{"allow":["GET"]}}],"collection":[{"href":"https:\/\/www.fan-bo.org\/index.php\/wp-json\/wp\/v2\/posts"}],"about":[{"href":"https:\/\/www.fan-bo.org\/index.php\/wp-json\/wp\/v2\/types\/post"}],"author":[{"embeddable":true,"href":"https:\/\/www.fan-bo.org\/index.php\/wp-json\/wp\/v2\/users\/1"}],"replies":[{"embeddable":true,"href":"https:\/\/www.fan-bo.org\/index.php\/wp-json\/wp\/v2\/comments?post=7863"}],"version-history":[{"count":4,"href":"https:\/\/www.fan-bo.org\/index.php\/wp-json\/wp\/v2\/posts\/7863\/revisions"}],"predecessor-version":[{"id":7869,"href":"https:\/\/www.fan-bo.org\/index.php\/wp-json\/wp\/v2\/posts\/7863\/revisions\/7869"}],"wp:featuredmedia":[{"embeddable":true,"href":"https:\/\/www.fan-bo.org\/index.php\/wp-json\/wp\/v2\/media\/7854"}],"wp:attachment":[{"href":"https:\/\/www.fan-bo.org\/index.php\/wp-json\/wp\/v2\/media?parent=7863"}],"wp:term":[{"taxonomy":"category","embeddable":true,"href":"https:\/\/www.fan-bo.org\/index.php\/wp-json\/wp\/v2\/categories?post=7863"},{"taxonomy":"post_tag","embeddable":true,"href":"https:\/\/www.fan-bo.org\/index.php\/wp-json\/wp\/v2\/tags?post=7863"}],"curies":[{"name":"wp","href":"https:\/\/api.w.org\/{rel}","templated":true}]}}